{"id":3652,"date":"2017-12-19T10:22:18","date_gmt":"2017-12-19T09:22:18","guid":{"rendered":"http:\/\/latelierdemat.com\/?p=3652"},"modified":"2017-12-19T10:22:18","modified_gmt":"2017-12-19T09:22:18","slug":"revisite-dun-vieux-porte-revue-demode","status":"publish","type":"post","link":"https:\/\/latelierdemat.com\/?p=3652","title":{"rendered":"Revisite d&rsquo;un vieux porte-revue demod\u00e9"},"content":{"rendered":"<p>Hello les amis, le projet d&rsquo;aujourd&rsquo;hui va porter sur un vieux porte-revue qu&rsquo;une abonn\u00e9e du blog m&rsquo;a gentiment donn\u00e9 il y a quelques mois. Pour la petite histoire je passe r\u00e9guli\u00e8rement dans son magasin pour m&rsquo;approvisionner en liquide pour ma cigarette \u00e9lectronique. Et c&rsquo;est donc lors d&rsquo;un de mes passages en Septembre que j&rsquo;ai r\u00e9cup\u00e9r\u00e9 ce porte-revue<\/p>\n<p><a href=\"http:\/\/latelierdemat.com\/wp-content\/uploads\/2017\/12\/Porte-revue-avant.jpg\"><img loading=\"lazy\" class=\"aligncenter size-full wp-image-3654\" src=\"http:\/\/latelierdemat.com\/wp-content\/uploads\/2017\/12\/Porte-revue-avant.jpg\" alt=\"\" width=\"680\" height=\"510\" srcset=\"https:\/\/latelierdemat.com\/wp-content\/uploads\/2017\/12\/Porte-revue-avant.jpg 680w, https:\/\/latelierdemat.com\/wp-content\/uploads\/2017\/12\/Porte-revue-avant-400x300.jpg 400w, https:\/\/latelierdemat.com\/wp-content\/uploads\/2017\/12\/Porte-revue-avant-200x150.jpg 200w, https:\/\/latelierdemat.com\/wp-content\/uploads\/2017\/12\/Porte-revue-avant-560x420.jpg 560w\" sizes=\"(max-width: 680px) 100vw, 680px\" \/><\/a><br \/>\nJe vous laisse vous faire votre id\u00e9e sur le style mais de mon c\u00f4t\u00e9 pour \u00eatre honn\u00eate, je suis loin d\u2019\u00eatre fan. Il y avait une petite \u00e9tiquette en dessous indiquant que le porte-revue provenait d&rsquo;Espagne. Peut-\u00eatre que c&rsquo;est un style classique l\u00e0 bas? J&rsquo;ai fait un gros plan pour que vous puissiez bien voir le veinage du bois en relief. C&rsquo;est cet aspect du bois qui m&rsquo;a longtemps retenu de refaire ce porte-revue car je savais que je ne voulais pas le conserver pour le relooking, et je ne voulais pas passer des jours \u00e0 poncer<\/p>\n<p><a href=\"http:\/\/latelierdemat.com\/wp-content\/uploads\/2017\/12\/Porte-revue-d\u00e9tails.jpg\"><img loading=\"lazy\" class=\"aligncenter size-full wp-image-3655\" src=\"http:\/\/latelierdemat.com\/wp-content\/uploads\/2017\/12\/Porte-revue-d\u00e9tails.jpg\" alt=\"\" width=\"680\" height=\"510\" srcset=\"https:\/\/latelierdemat.com\/wp-content\/uploads\/2017\/12\/Porte-revue-d\u00e9tails.jpg 680w, https:\/\/latelierdemat.com\/wp-content\/uploads\/2017\/12\/Porte-revue-d\u00e9tails-400x300.jpg 400w, https:\/\/latelierdemat.com\/wp-content\/uploads\/2017\/12\/Porte-revue-d\u00e9tails-200x150.jpg 200w, https:\/\/latelierdemat.com\/wp-content\/uploads\/2017\/12\/Porte-revue-d\u00e9tails-560x420.jpg 560w\" sizes=\"(max-width: 680px) 100vw, 680px\" \/><\/a><\/p>\n<p>Et puis un dimanche matin j&rsquo;ai eu l&rsquo;id\u00e9e. Bon pas celle du si\u00e8cle hein, mais juste comment j&rsquo;allais proc\u00e9der efficacement pour refaire cet objet. Je ne sais pas pourquoi je n&rsquo;ai pas pens\u00e9 plus t\u00f4t \u00e0 utiliser mon disque \u00e0 meuler alors que c&rsquo;\u00e9tait s\u00fbrement LA solution.<\/p>\n<p><a href=\"http:\/\/latelierdemat.com\/wp-content\/uploads\/2017\/10\/Disque-a-meuler.jpg\"><img loading=\"lazy\" class=\"aligncenter size-full wp-image-3346\" src=\"http:\/\/latelierdemat.com\/wp-content\/uploads\/2017\/10\/Disque-a-meuler.jpg\" alt=\"\" width=\"680\" height=\"510\" srcset=\"https:\/\/latelierdemat.com\/wp-content\/uploads\/2017\/10\/Disque-a-meuler.jpg 680w, https:\/\/latelierdemat.com\/wp-content\/uploads\/2017\/10\/Disque-a-meuler-400x300.jpg 400w, https:\/\/latelierdemat.com\/wp-content\/uploads\/2017\/10\/Disque-a-meuler-200x150.jpg 200w, https:\/\/latelierdemat.com\/wp-content\/uploads\/2017\/10\/Disque-a-meuler-560x420.jpg 560w\" sizes=\"(max-width: 680px) 100vw, 680px\" \/><\/a><br \/>\nAussit\u00f4t pens\u00e9, aussit\u00f4t test\u00e9 ! Voici le r\u00e9sultat apr\u00e8s avoir essay\u00e9 sur la premi\u00e8re face d&rsquo;un des c\u00f4t\u00e9s. \u00c7a marche g\u00e9nial et c&rsquo;est super rapide. J&rsquo;ai d\u00fb mettre 3 minutes \u00e0 faire cette planche recto verso<\/p>\n<p><img loading=\"lazy\" class=\"aligncenter size-full wp-image-3656\" src=\"http:\/\/latelierdemat.com\/wp-content\/uploads\/2017\/12\/Poncage-porte-revue-.jpg\" alt=\"\" width=\"680\" height=\"510\" srcset=\"https:\/\/latelierdemat.com\/wp-content\/uploads\/2017\/12\/Poncage-porte-revue-.jpg 680w, https:\/\/latelierdemat.com\/wp-content\/uploads\/2017\/12\/Poncage-porte-revue--400x300.jpg 400w, https:\/\/latelierdemat.com\/wp-content\/uploads\/2017\/12\/Poncage-porte-revue--200x150.jpg 200w, https:\/\/latelierdemat.com\/wp-content\/uploads\/2017\/12\/Poncage-porte-revue--560x420.jpg 560w\" sizes=\"(max-width: 680px) 100vw, 680px\" \/><\/p>\n<p>Par contre attention car cela en met partout. Beaucoup de poussi\u00e8re est g\u00e9n\u00e9r\u00e9e et comme celle-ci est tr\u00e8s fine, il est plus prudent de porter un masque pour \u00e9viter de s&rsquo;en remplir les poumons.<br \/>\nPuisque j&rsquo;avais commenc\u00e9 \u00e0 faire cela sur mon \u00e9tabli , j&rsquo;ai continu\u00e9 mais la prochaine fois je m&rsquo;installe direct dehors. \u00c7a fera toujours \u00e7a de moins \u00e0 devoir nettoyer apr\u00e8s ;).<\/p>\n<p><a href=\"http:\/\/latelierdemat.com\/wp-content\/uploads\/2017\/12\/Poussiere-meulage-bois.jpg\"><img loading=\"lazy\" class=\"aligncenter size-full wp-image-3657\" src=\"http:\/\/latelierdemat.com\/wp-content\/uploads\/2017\/12\/Poussiere-meulage-bois.jpg\" alt=\"\" width=\"680\" height=\"510\" srcset=\"https:\/\/latelierdemat.com\/wp-content\/uploads\/2017\/12\/Poussiere-meulage-bois.jpg 680w, https:\/\/latelierdemat.com\/wp-content\/uploads\/2017\/12\/Poussiere-meulage-bois-400x300.jpg 400w, https:\/\/latelierdemat.com\/wp-content\/uploads\/2017\/12\/Poussiere-meulage-bois-200x150.jpg 200w, https:\/\/latelierdemat.com\/wp-content\/uploads\/2017\/12\/Poussiere-meulage-bois-560x420.jpg 560w\" sizes=\"(max-width: 680px) 100vw, 680px\" \/><\/a><\/p>\n<p>Une fois que j&rsquo;ai eu fait toutes les planches, il ne restait plus qu&rsquo;un l\u00e9ger probl\u00e8me de structure \u00e0 r\u00e9gler. J&rsquo;ai beau avoir essayer toutes les combinaisons de montages possibles, le porte-revue avait toujours un pied qui ne touchait pas le sol d&rsquo;un cot\u00e9. Le bois a d\u00fb travailler et l\u00e9g\u00e8rement se vriller au fil des ans. La solution pour r\u00e9parer cela a juste consist\u00e9 \u00e0 refaire les trous des montants qui accueillent une des planches d&rsquo;un cot\u00e9.<\/p>\n<p><a href=\"http:\/\/latelierdemat.com\/wp-content\/uploads\/2017\/12\/Trous-a-reboucher.jpg\"><img loading=\"lazy\" class=\"aligncenter size-full wp-image-3658\" src=\"http:\/\/latelierdemat.com\/wp-content\/uploads\/2017\/12\/Trous-a-reboucher.jpg\" alt=\"\" width=\"680\" height=\"510\" srcset=\"https:\/\/latelierdemat.com\/wp-content\/uploads\/2017\/12\/Trous-a-reboucher.jpg 680w, https:\/\/latelierdemat.com\/wp-content\/uploads\/2017\/12\/Trous-a-reboucher-400x300.jpg 400w, https:\/\/latelierdemat.com\/wp-content\/uploads\/2017\/12\/Trous-a-reboucher-200x150.jpg 200w, https:\/\/latelierdemat.com\/wp-content\/uploads\/2017\/12\/Trous-a-reboucher-560x420.jpg 560w\" sizes=\"(max-width: 680px) 100vw, 680px\" \/><\/a><\/p>\n<p>Seulement deux de ces trous sont \u00e0 revoir. Afin de pouvoir percer les nouveaux emplacements, j&rsquo;ai commenc\u00e9 par boucher les trous existants pour avoir de la mati\u00e8re pour les \u00ab\u00a0nouveaux\u00a0\u00bb trous. Un peu de colle blanche classique, un tourillon et le tour est jou\u00e9.<\/p>\n<p><a href=\"http:\/\/latelierdemat.com\/wp-content\/uploads\/2017\/12\/Tourillon-6mm.jpg\"><img loading=\"lazy\" class=\"aligncenter size-full wp-image-3659\" src=\"http:\/\/latelierdemat.com\/wp-content\/uploads\/2017\/12\/Tourillon-6mm.jpg\" alt=\"\" width=\"680\" height=\"510\" srcset=\"https:\/\/latelierdemat.com\/wp-content\/uploads\/2017\/12\/Tourillon-6mm.jpg 680w, https:\/\/latelierdemat.com\/wp-content\/uploads\/2017\/12\/Tourillon-6mm-400x300.jpg 400w, https:\/\/latelierdemat.com\/wp-content\/uploads\/2017\/12\/Tourillon-6mm-200x150.jpg 200w, https:\/\/latelierdemat.com\/wp-content\/uploads\/2017\/12\/Tourillon-6mm-560x420.jpg 560w\" sizes=\"(max-width: 680px) 100vw, 680px\" \/><\/a><\/p>\n<p>Quand la colle est s\u00e8che , il suffit de couper \u00e0 ras le tourillon et le trou est bouch\u00e9. J&rsquo;ai mis une petite fl\u00e8che rouge pour bien vous montrer l&#8217;emplacement \ud83d\ude09<\/p>\n<p><a href=\"http:\/\/latelierdemat.com\/wp-content\/uploads\/2017\/12\/Trou-rebouch\u00e9.jpg\"><img loading=\"lazy\" class=\"aligncenter size-full wp-image-3660\" src=\"http:\/\/latelierdemat.com\/wp-content\/uploads\/2017\/12\/Trou-rebouch\u00e9.jpg\" alt=\"\" width=\"680\" height=\"510\" srcset=\"https:\/\/latelierdemat.com\/wp-content\/uploads\/2017\/12\/Trou-rebouch\u00e9.jpg 680w, https:\/\/latelierdemat.com\/wp-content\/uploads\/2017\/12\/Trou-rebouch\u00e9-400x300.jpg 400w, https:\/\/latelierdemat.com\/wp-content\/uploads\/2017\/12\/Trou-rebouch\u00e9-200x150.jpg 200w, https:\/\/latelierdemat.com\/wp-content\/uploads\/2017\/12\/Trou-rebouch\u00e9-560x420.jpg 560w\" sizes=\"(max-width: 680px) 100vw, 680px\" \/><\/a><\/p>\n<p>Aligner les trous pour y mettre des tourillons peut vite devenir une grosse gal\u00e8re. Heureusement il existe des centreurs de tourillons. J&rsquo;ai eu ceux-ci dans un kit Wolfcraft que j&rsquo;ai achet\u00e9 il y a quelques ann\u00e9es mais on les trouve facilement en grande surface de bricolage, genre Leroy Merlin ou Castorama.<\/p>\n<p><a href=\"http:\/\/latelierdemat.com\/wp-content\/uploads\/2017\/12\/Centreur-pour-tourillon.jpg\"><img loading=\"lazy\" class=\"aligncenter size-full wp-image-3661\" src=\"http:\/\/latelierdemat.com\/wp-content\/uploads\/2017\/12\/Centreur-pour-tourillon.jpg\" alt=\"\" width=\"680\" height=\"510\" srcset=\"https:\/\/latelierdemat.com\/wp-content\/uploads\/2017\/12\/Centreur-pour-tourillon.jpg 680w, https:\/\/latelierdemat.com\/wp-content\/uploads\/2017\/12\/Centreur-pour-tourillon-400x300.jpg 400w, https:\/\/latelierdemat.com\/wp-content\/uploads\/2017\/12\/Centreur-pour-tourillon-200x150.jpg 200w, https:\/\/latelierdemat.com\/wp-content\/uploads\/2017\/12\/Centreur-pour-tourillon-560x420.jpg 560w\" sizes=\"(max-width: 680px) 100vw, 680px\" \/><\/a><\/p>\n<p>Alors comment \u00e7a marche ? Facile, on ins\u00e8re le centreur dans le trou existant qui accueillera une partie de notre futur tourillon.<\/p>\n<p><a href=\"http:\/\/latelierdemat.com\/wp-content\/uploads\/2017\/12\/Centreur-pour-tourillon-en-position.jpg\"><img loading=\"lazy\" class=\"aligncenter size-full wp-image-3662\" src=\"http:\/\/latelierdemat.com\/wp-content\/uploads\/2017\/12\/Centreur-pour-tourillon-en-position.jpg\" alt=\"\" width=\"680\" height=\"510\" srcset=\"https:\/\/latelierdemat.com\/wp-content\/uploads\/2017\/12\/Centreur-pour-tourillon-en-position.jpg 680w, https:\/\/latelierdemat.com\/wp-content\/uploads\/2017\/12\/Centreur-pour-tourillon-en-position-400x300.jpg 400w, https:\/\/latelierdemat.com\/wp-content\/uploads\/2017\/12\/Centreur-pour-tourillon-en-position-200x150.jpg 200w, https:\/\/latelierdemat.com\/wp-content\/uploads\/2017\/12\/Centreur-pour-tourillon-en-position-560x420.jpg 560w\" sizes=\"(max-width: 680px) 100vw, 680px\" \/><\/a><\/p>\n<p>Puis on met la planche en place. Le plus simple est de proc\u00e9der \u00e0 un montage sans colle du meuble. On appuie fortement sur la planche qui devra \u00eatre perc\u00e9e, ici un des montants, afin que la pointe du centreur laisse une marque<\/p>\n<p><img loading=\"lazy\" class=\"aligncenter size-full wp-image-3673\" src=\"http:\/\/latelierdemat.com\/wp-content\/uploads\/2017\/12\/Marquage-centre-tourillon.jpg\" alt=\"\" width=\"680\" height=\"510\" srcset=\"https:\/\/latelierdemat.com\/wp-content\/uploads\/2017\/12\/Marquage-centre-tourillon.jpg 680w, https:\/\/latelierdemat.com\/wp-content\/uploads\/2017\/12\/Marquage-centre-tourillon-400x300.jpg 400w, https:\/\/latelierdemat.com\/wp-content\/uploads\/2017\/12\/Marquage-centre-tourillon-200x150.jpg 200w, https:\/\/latelierdemat.com\/wp-content\/uploads\/2017\/12\/Marquage-centre-tourillon-560x420.jpg 560w\" sizes=\"(max-width: 680px) 100vw, 680px\" \/><\/p>\n<p>On red\u00e9monte notre petit porte-revue et on obtient bien un rep\u00e8re qui correspond au centre du trou \u00e0 percer. L&rsquo;\u00e9tape d&rsquo;apr\u00e8s a donc consist\u00e9 en un petit coup de perceuse afin d&rsquo;usiner les trous pour les tourillons.<\/p>\n<p><img loading=\"lazy\" class=\"aligncenter size-full wp-image-3664\" src=\"http:\/\/latelierdemat.com\/wp-content\/uploads\/2017\/12\/R\u00e9sultat-centrage-tourillon.jpg\" alt=\"\" width=\"680\" height=\"510\" srcset=\"https:\/\/latelierdemat.com\/wp-content\/uploads\/2017\/12\/R\u00e9sultat-centrage-tourillon.jpg 680w, https:\/\/latelierdemat.com\/wp-content\/uploads\/2017\/12\/R\u00e9sultat-centrage-tourillon-400x300.jpg 400w, https:\/\/latelierdemat.com\/wp-content\/uploads\/2017\/12\/R\u00e9sultat-centrage-tourillon-200x150.jpg 200w, https:\/\/latelierdemat.com\/wp-content\/uploads\/2017\/12\/R\u00e9sultat-centrage-tourillon-560x420.jpg 560w\" sizes=\"(max-width: 680px) 100vw, 680px\" \/><\/p>\n<p>Et voil\u00e0 le meuble est d\u00e9cap\u00e9 et r\u00e9par\u00e9. Il ne reste plus qu&rsquo;\u00e0 le coller. Cette \u00e9tape n&rsquo;\u00e9tait pas obligatoire car ce genre de porte-revue tient avec des \u00ab\u00a0petits coins\u00a0\u00bb qui le maintiennent en place de chaque c\u00f4t\u00e9, mais je me suis tellement pris la t\u00eate \u00e0 le remonter une dizaine de fois pendant que je travaillais dessus que \u00e7a m&rsquo;a saoul\u00e9.<br \/>\n<script type=\"text\/javascript\" src=\"https:\/\/app.mailerlite.com\/data\/webforms\/271653\/b7n7j5.js?v24\"><\/script><br \/>\nJe l&rsquo;ai donc coll\u00e9 pour \u00e9viter d&rsquo;avoir \u00e0 le remonter de nouveau ne serait ce qu&rsquo;une seule fois \ud83d\ude09<\/p>\n<p><a href=\"http:\/\/latelierdemat.com\/wp-content\/uploads\/2017\/12\/Assemblage-porte-revue.jpg\"><img loading=\"lazy\" class=\"aligncenter size-full wp-image-3665\" src=\"http:\/\/latelierdemat.com\/wp-content\/uploads\/2017\/12\/Assemblage-porte-revue.jpg\" alt=\"\" width=\"680\" height=\"510\" srcset=\"https:\/\/latelierdemat.com\/wp-content\/uploads\/2017\/12\/Assemblage-porte-revue.jpg 680w, https:\/\/latelierdemat.com\/wp-content\/uploads\/2017\/12\/Assemblage-porte-revue-400x300.jpg 400w, https:\/\/latelierdemat.com\/wp-content\/uploads\/2017\/12\/Assemblage-porte-revue-200x150.jpg 200w, https:\/\/latelierdemat.com\/wp-content\/uploads\/2017\/12\/Assemblage-porte-revue-560x420.jpg 560w\" sizes=\"(max-width: 680px) 100vw, 680px\" \/><\/a><\/p>\n<p>Le temps \u00e9tant cl\u00e9ment, j&rsquo;ai saisi l&rsquo;occasion de m&rsquo;installer dehors pour peindre. Mon atelier n&rsquo;\u00e9tant pas chauff\u00e9, tant qu&rsquo;il ne pleut pas la peinture s\u00e8che toujours mieux dehors surtout s&rsquo;il y a un brin de soleil. En plus cela m&rsquo;\u00e9vite la corv\u00e9e de calfeutrer tout l&rsquo;atelier pour le prot\u00e9ger des projections de peinture.<\/p>\n<p><a href=\"http:\/\/latelierdemat.com\/wp-content\/uploads\/2017\/12\/Peinture-du-porte-revue.jpg\"><img loading=\"lazy\" class=\"aligncenter size-full wp-image-3666\" src=\"http:\/\/latelierdemat.com\/wp-content\/uploads\/2017\/12\/Peinture-du-porte-revue.jpg\" alt=\"\" width=\"680\" height=\"510\" srcset=\"https:\/\/latelierdemat.com\/wp-content\/uploads\/2017\/12\/Peinture-du-porte-revue.jpg 680w, https:\/\/latelierdemat.com\/wp-content\/uploads\/2017\/12\/Peinture-du-porte-revue-400x300.jpg 400w, https:\/\/latelierdemat.com\/wp-content\/uploads\/2017\/12\/Peinture-du-porte-revue-200x150.jpg 200w, https:\/\/latelierdemat.com\/wp-content\/uploads\/2017\/12\/Peinture-du-porte-revue-560x420.jpg 560w\" sizes=\"(max-width: 680px) 100vw, 680px\" \/><\/a><\/p>\n<p>Le porte-revue ayant d\u00e9j\u00e0 beaucoup de \u00ab\u00a0pr\u00e9sence\u00a0\u00bb avec ses formes travaill\u00e9es, je n&rsquo;ai pas voulu en rajouter en prenant une couleur trop flashy et j&rsquo;ai opt\u00e9 pour du blanc. Deux couches ont suffi \u00e0 faire disparaitre le bois qui n&rsquo;\u00e9tait pas tr\u00e8s sexy il faut bien l&rsquo;avouer \ud83d\ude09<\/p>\n<p><a href=\"http:\/\/latelierdemat.com\/wp-content\/uploads\/2017\/12\/Porte-revue-apres-peinture.jpg\"><img loading=\"lazy\" class=\"aligncenter size-full wp-image-3667\" src=\"http:\/\/latelierdemat.com\/wp-content\/uploads\/2017\/12\/Porte-revue-apres-peinture.jpg\" alt=\"\" width=\"680\" height=\"510\" srcset=\"https:\/\/latelierdemat.com\/wp-content\/uploads\/2017\/12\/Porte-revue-apres-peinture.jpg 680w, https:\/\/latelierdemat.com\/wp-content\/uploads\/2017\/12\/Porte-revue-apres-peinture-400x300.jpg 400w, https:\/\/latelierdemat.com\/wp-content\/uploads\/2017\/12\/Porte-revue-apres-peinture-200x150.jpg 200w, https:\/\/latelierdemat.com\/wp-content\/uploads\/2017\/12\/Porte-revue-apres-peinture-560x420.jpg 560w\" sizes=\"(max-width: 680px) 100vw, 680px\" \/><\/a><\/p>\n<p>L&rsquo;\u00e9l\u00e9ment le plus sympa de ce porte-revue \u00e9tait d\u00e8s le d\u00e9part, ces esp\u00e8ces de petites fleurs grav\u00e9es. Je me suis arm\u00e9 d&rsquo;un papier \u00e0 poncer en grain 120 et petit \u00e0 petit j&rsquo;ai ponc\u00e9 pour que celles ci ressortent.<\/p>\n<p><a href=\"http:\/\/latelierdemat.com\/wp-content\/uploads\/2017\/12\/patinage-porte-revue.jpg\"><img loading=\"lazy\" class=\"aligncenter size-full wp-image-3668\" src=\"http:\/\/latelierdemat.com\/wp-content\/uploads\/2017\/12\/patinage-porte-revue.jpg\" alt=\"\" width=\"680\" height=\"510\" srcset=\"https:\/\/latelierdemat.com\/wp-content\/uploads\/2017\/12\/patinage-porte-revue.jpg 680w, https:\/\/latelierdemat.com\/wp-content\/uploads\/2017\/12\/patinage-porte-revue-400x300.jpg 400w, https:\/\/latelierdemat.com\/wp-content\/uploads\/2017\/12\/patinage-porte-revue-200x150.jpg 200w, https:\/\/latelierdemat.com\/wp-content\/uploads\/2017\/12\/patinage-porte-revue-560x420.jpg 560w\" sizes=\"(max-width: 680px) 100vw, 680px\" \/><\/a><\/p>\n<p>Vous dire que j&rsquo;ai fait \u00e7a en 5 min serait un peu mentir car la peinture tenait vraiment bien. Mais bon je n&rsquo;y ai pas pass\u00e9 des heures non plus. L&rsquo;ultime \u00e9tape a \u00e9t\u00e9 d&rsquo;appliquer une couche de cire incolore pour prot\u00e9ger le tout avant de passer aux photos du r\u00e9sultat.<\/p>\n<p><a href=\"http:\/\/latelierdemat.com\/wp-content\/uploads\/2017\/12\/Porte-revue-relook\u00e9.jpg\"><img loading=\"lazy\" class=\"aligncenter size-full wp-image-3675\" src=\"http:\/\/latelierdemat.com\/wp-content\/uploads\/2017\/12\/Porte-revue-relook\u00e9.jpg\" alt=\"\" width=\"680\" height=\"510\" srcset=\"https:\/\/latelierdemat.com\/wp-content\/uploads\/2017\/12\/Porte-revue-relook\u00e9.jpg 680w, https:\/\/latelierdemat.com\/wp-content\/uploads\/2017\/12\/Porte-revue-relook\u00e9-400x300.jpg 400w, https:\/\/latelierdemat.com\/wp-content\/uploads\/2017\/12\/Porte-revue-relook\u00e9-200x150.jpg 200w, https:\/\/latelierdemat.com\/wp-content\/uploads\/2017\/12\/Porte-revue-relook\u00e9-560x420.jpg 560w\" sizes=\"(max-width: 680px) 100vw, 680px\" \/><\/a><\/p>\n<p>Pour illustrer la nouvelle fonction de ce porte-revue j&rsquo;ai choisi de l&rsquo;utiliser pour stocker des rouleaux de papier toilette. Le blanc de celui ci faisant bien ressortir l&rsquo;aspect us\u00e9 apport\u00e9 par le pon\u00e7age, j&rsquo;ai trouv\u00e9 que cela faisait sympa.<\/p>\n<p><a href=\"http:\/\/latelierdemat.com\/wp-content\/uploads\/2017\/12\/Ancien-porte-revue-revisit\u00e9.jpg\"><img loading=\"lazy\" class=\"aligncenter size-full wp-image-3676\" src=\"http:\/\/latelierdemat.com\/wp-content\/uploads\/2017\/12\/Ancien-porte-revue-revisit\u00e9.jpg\" alt=\"\" width=\"680\" height=\"907\" srcset=\"https:\/\/latelierdemat.com\/wp-content\/uploads\/2017\/12\/Ancien-porte-revue-revisit\u00e9.jpg 680w, https:\/\/latelierdemat.com\/wp-content\/uploads\/2017\/12\/Ancien-porte-revue-revisit\u00e9-400x534.jpg 400w, https:\/\/latelierdemat.com\/wp-content\/uploads\/2017\/12\/Ancien-porte-revue-revisit\u00e9-150x200.jpg 150w, https:\/\/latelierdemat.com\/wp-content\/uploads\/2017\/12\/Ancien-porte-revue-revisit\u00e9-560x747.jpg 560w\" sizes=\"(max-width: 680px) 100vw, 680px\" \/><\/a><\/p>\n<p>Les sculptures de fleurs ont \u00e9t\u00e9 les plus longues \u00e0 patiner car je ne voulais pas que trop de marron ne ressorte. J&rsquo;ai donc d\u00fb y aller avec parcimonie pour qu&rsquo;on les voit sans qu&rsquo;elles soient trop pr\u00e9sentes<\/p>\n<p><a href=\"http:\/\/latelierdemat.com\/wp-content\/uploads\/2017\/12\/D\u00e9tails-porte-revue.jpg\"><img loading=\"lazy\" class=\"aligncenter size-full wp-image-3677\" src=\"http:\/\/latelierdemat.com\/wp-content\/uploads\/2017\/12\/D\u00e9tails-porte-revue.jpg\" alt=\"\" width=\"680\" height=\"907\" srcset=\"https:\/\/latelierdemat.com\/wp-content\/uploads\/2017\/12\/D\u00e9tails-porte-revue.jpg 680w, https:\/\/latelierdemat.com\/wp-content\/uploads\/2017\/12\/D\u00e9tails-porte-revue-400x534.jpg 400w, https:\/\/latelierdemat.com\/wp-content\/uploads\/2017\/12\/D\u00e9tails-porte-revue-150x200.jpg 150w, https:\/\/latelierdemat.com\/wp-content\/uploads\/2017\/12\/D\u00e9tails-porte-revue-560x747.jpg 560w\" sizes=\"(max-width: 680px) 100vw, 680px\" \/><\/a><\/p>\n<p><img loading=\"lazy\" class=\"aligncenter size-full wp-image-3679\" style=\"color: #5a5a5a;\" src=\"http:\/\/latelierdemat.com\/wp-content\/uploads\/2017\/12\/Sculptures-porte-revue.jpg\" alt=\"\" width=\"680\" height=\"510\" srcset=\"https:\/\/latelierdemat.com\/wp-content\/uploads\/2017\/12\/Sculptures-porte-revue.jpg 680w, https:\/\/latelierdemat.com\/wp-content\/uploads\/2017\/12\/Sculptures-porte-revue-400x300.jpg 400w, https:\/\/latelierdemat.com\/wp-content\/uploads\/2017\/12\/Sculptures-porte-revue-200x150.jpg 200w, https:\/\/latelierdemat.com\/wp-content\/uploads\/2017\/12\/Sculptures-porte-revue-560x420.jpg 560w\" sizes=\"(max-width: 680px) 100vw, 680px\" \/><\/p>\n<p>Le style tr\u00e8s \u00ab\u00a0prononc\u00e9\u00a0\u00bb de la poign\u00e9e qui me g\u00eanait beaucoup \u00e0 l&rsquo;origine est d\u00e9sormais moins pr\u00e9sent. Elle s&rsquo;harmonise mieux avec le reste du porte-revue ce qui n&rsquo;est pas pour me d\u00e9plaire<\/p>\n<p><a href=\"http:\/\/latelierdemat.com\/wp-content\/uploads\/2017\/12\/Poign\u00e9e-patin\u00e9e-porte-revue.jpg\"><img loading=\"lazy\" class=\"aligncenter size-full wp-image-3678\" src=\"http:\/\/latelierdemat.com\/wp-content\/uploads\/2017\/12\/Poign\u00e9e-patin\u00e9e-porte-revue.jpg\" alt=\"\" width=\"680\" height=\"510\" srcset=\"https:\/\/latelierdemat.com\/wp-content\/uploads\/2017\/12\/Poign\u00e9e-patin\u00e9e-porte-revue.jpg 680w, https:\/\/latelierdemat.com\/wp-content\/uploads\/2017\/12\/Poign\u00e9e-patin\u00e9e-porte-revue-400x300.jpg 400w, https:\/\/latelierdemat.com\/wp-content\/uploads\/2017\/12\/Poign\u00e9e-patin\u00e9e-porte-revue-200x150.jpg 200w, https:\/\/latelierdemat.com\/wp-content\/uploads\/2017\/12\/Poign\u00e9e-patin\u00e9e-porte-revue-560x420.jpg 560w\" sizes=\"(max-width: 680px) 100vw, 680px\" \/><\/a><\/p>\n<p>Quand j&rsquo;ai d\u00e9cap\u00e9 le bois avec mon disque \u00e0 meuler, j&rsquo;ai pris soin de ne pas faire les chants de chaque planche. D&rsquo;une part cela \u00e9vitait de les abimer mais surtout je voulais conserver cet aspect fonc\u00e9 du bois pour donner du \u00ab\u00a0relief\u00a0\u00bb \u00e0 la patine.<\/p>\n<p><a href=\"http:\/\/latelierdemat.com\/wp-content\/uploads\/2017\/12\/Porte-revue-style-Farmhouse.jpg\"><img loading=\"lazy\" class=\"aligncenter size-full wp-image-3680\" src=\"http:\/\/latelierdemat.com\/wp-content\/uploads\/2017\/12\/Porte-revue-style-Farmhouse.jpg\" alt=\"\" width=\"680\" height=\"907\" srcset=\"https:\/\/latelierdemat.com\/wp-content\/uploads\/2017\/12\/Porte-revue-style-Farmhouse.jpg 680w, https:\/\/latelierdemat.com\/wp-content\/uploads\/2017\/12\/Porte-revue-style-Farmhouse-400x534.jpg 400w, https:\/\/latelierdemat.com\/wp-content\/uploads\/2017\/12\/Porte-revue-style-Farmhouse-150x200.jpg 150w, https:\/\/latelierdemat.com\/wp-content\/uploads\/2017\/12\/Porte-revue-style-Farmhouse-560x747.jpg 560w\" sizes=\"(max-width: 680px) 100vw, 680px\" \/><\/a><\/p>\n<p>La petite r\u00e9paration effectu\u00e9e ne se voit pas mais pourtant elle fait toute la diff\u00e9rence. Cela m&rsquo;aurait g\u00ean\u00e9 de pr\u00e9senter ce \u00ab\u00a0porte papier toilette\u00a0\u00bb \ud83d\ude09 tout de travers avec seulement une partie des pieds qui touche le sol. Qui voudrait d&rsquo;un truc tout de travers ?<\/p>\n<p><a href=\"http:\/\/latelierdemat.com\/wp-content\/uploads\/2017\/12\/Nouvelle-utilisation-dun-porte-revue.jpg\"><img loading=\"lazy\" class=\"aligncenter size-full wp-image-3681\" src=\"http:\/\/latelierdemat.com\/wp-content\/uploads\/2017\/12\/Nouvelle-utilisation-dun-porte-revue.jpg\" alt=\"\" width=\"680\" height=\"510\" srcset=\"https:\/\/latelierdemat.com\/wp-content\/uploads\/2017\/12\/Nouvelle-utilisation-dun-porte-revue.jpg 680w, https:\/\/latelierdemat.com\/wp-content\/uploads\/2017\/12\/Nouvelle-utilisation-dun-porte-revue-400x300.jpg 400w, https:\/\/latelierdemat.com\/wp-content\/uploads\/2017\/12\/Nouvelle-utilisation-dun-porte-revue-200x150.jpg 200w, https:\/\/latelierdemat.com\/wp-content\/uploads\/2017\/12\/Nouvelle-utilisation-dun-porte-revue-560x420.jpg 560w\" sizes=\"(max-width: 680px) 100vw, 680px\" \/><\/a><\/p>\n<p>Une petite derni\u00e8re photo pour une nouvelle fois montrer ces sculptures de fleurs qui une fois patin\u00e9es donnent le c\u00f4t\u00e9 \u00ab\u00a0Farmhouse\u00a0\u00bb que j&rsquo;aime tant \u00e0 cet objet<\/p>\n<p><img loading=\"lazy\" class=\"aligncenter size-full wp-image-3682\" src=\"http:\/\/latelierdemat.com\/wp-content\/uploads\/2017\/12\/Porte-revue-style-campagnard.jpg\" alt=\"\" width=\"680\" height=\"510\" srcset=\"https:\/\/latelierdemat.com\/wp-content\/uploads\/2017\/12\/Porte-revue-style-campagnard.jpg 680w, https:\/\/latelierdemat.com\/wp-content\/uploads\/2017\/12\/Porte-revue-style-campagnard-400x300.jpg 400w, https:\/\/latelierdemat.com\/wp-content\/uploads\/2017\/12\/Porte-revue-style-campagnard-200x150.jpg 200w, https:\/\/latelierdemat.com\/wp-content\/uploads\/2017\/12\/Porte-revue-style-campagnard-560x420.jpg 560w\" sizes=\"(max-width: 680px) 100vw, 680px\" \/><br \/>\nVoil\u00e0 les amis c&rsquo;est tout pour ce petit relooking. J&rsquo;esp\u00e8re qu&rsquo;il plaira \u00e0 la personne qui me l&rsquo;a si gentiment donn\u00e9 ;). Les projets qui vont suivre tr\u00e8s prochainement devraient \u00eatre \u00ab\u00a0l\u00e9g\u00e8rement\u00a0\u00bb plus gros car, si j&rsquo;ai le temps de le finir, il y aura enfin le piano sur lequel je travaille depuis quelques semaines.<\/p>\n<p>La bise<\/p>\n<p>Mat<\/p>\n<p><img loading=\"lazy\" class=\"aligncenter wp-image-3694\" src=\"http:\/\/latelierdemat.com\/wp-content\/uploads\/2017\/12\/Porte-revue-relook\u00e9.png\" alt=\"\" width=\"680\" height=\"1115\" srcset=\"https:\/\/latelierdemat.com\/wp-content\/uploads\/2017\/12\/Porte-revue-relook\u00e9.png 732w, https:\/\/latelierdemat.com\/wp-content\/uploads\/2017\/12\/Porte-revue-relook\u00e9-400x656.png 400w, https:\/\/latelierdemat.com\/wp-content\/uploads\/2017\/12\/Porte-revue-relook\u00e9-122x200.png 122w, https:\/\/latelierdemat.com\/wp-content\/uploads\/2017\/12\/Porte-revue-relook\u00e9-625x1024.png 625w, https:\/\/latelierdemat.com\/wp-content\/uploads\/2017\/12\/Porte-revue-relook\u00e9-560x918.png 560w\" sizes=\"(max-width: 680px) 100vw, 680px\" \/><\/p>\n","protected":false},"excerpt":{"rendered":"<p>Hello les amis, le projet d&rsquo;aujourd&rsquo;hui va porter sur un vieux porte-revue qu&rsquo;une abonn\u00e9e du blog m&rsquo;a gentiment donn\u00e9 il y a quelques mois. Pour la petite histoire je passe r\u00e9guli\u00e8rement dans son magasin pour m&rsquo;approvisionner en liquide pour ma cigarette \u00e9lectronique. Et c&rsquo;est donc lors d&rsquo;un de mes passages en Septembre que j&rsquo;ai r\u00e9cup\u00e9r\u00e9 <a class=\"moretag\" href=\"https:\/\/latelierdemat.com\/?p=3652\"> Lire la suite&#8230;<\/a><\/p>\n","protected":false},"author":3,"featured_media":3681,"comment_status":"open","ping_status":"open","sticky":false,"template":"","format":"standard","meta":{"_mi_skip_tracking":false,"_monsterinsights_sitenote_active":false,"_monsterinsights_sitenote_note":"","_monsterinsights_sitenote_category":0,"spay_email":""},"categories":[10],"tags":[],"yoast_head":"<!-- This site is optimized with the Yoast SEO plugin v18.3 - https:\/\/yoast.com\/wordpress\/plugins\/seo\/ -->\n<title>Revisite d&#039;un vieux porte-revue demod\u00e9 - L&#039;atelier de Mat<\/title>\n<meta name=\"description\" content=\"Revisite d&#039;un vieux porte-revue au look pass\u00e9 dans un style Farmhouse. En bonus: une technique simple et rapide pour bien centrer des tourillons.\" \/>\n<meta name=\"robots\" content=\"index, follow, max-snippet:-1, max-image-preview:large, max-video-preview:-1\" \/>\n<link rel=\"canonical\" href=\"https:\/\/latelierdemat.com\/?p=3652\" \/>\n<meta property=\"og:locale\" content=\"fr_FR\" \/>\n<meta property=\"og:type\" content=\"article\" \/>\n<meta property=\"og:title\" content=\"Revisite d&#039;un vieux porte-revue demod\u00e9 - L&#039;atelier de Mat\" \/>\n<meta property=\"og:description\" content=\"Revisite d&#039;un vieux porte-revue au look pass\u00e9 dans un style Farmhouse. En bonus: une technique simple et rapide pour bien centrer des tourillons.\" \/>\n<meta property=\"og:url\" content=\"https:\/\/latelierdemat.com\/?p=3652\" \/>\n<meta property=\"og:site_name\" content=\"L&#039;atelier de Mat\" \/>\n<meta property=\"article:publisher\" content=\"http:\/\/facebook.com\/latelierdemat\" \/>\n<meta property=\"article:published_time\" content=\"2017-12-19T09:22:18+00:00\" \/>\n<meta property=\"og:image\" content=\"https:\/\/latelierdemat.com\/wp-content\/uploads\/2017\/12\/Nouvelle-utilisation-dun-porte-revue.jpg\" \/>\n\t<meta property=\"og:image:width\" content=\"680\" \/>\n\t<meta property=\"og:image:height\" content=\"510\" \/>\n\t<meta property=\"og:image:type\" content=\"image\/jpeg\" \/>\n<meta name=\"twitter:card\" content=\"summary\" \/>\n<meta name=\"twitter:creator\" content=\"@latelierdemat\" \/>\n<meta name=\"twitter:site\" content=\"@latelierdemat\" \/>\n<meta name=\"twitter:label1\" content=\"\u00c9crit par\" \/>\n\t<meta name=\"twitter:data1\" content=\"Mat\" \/>\n\t<meta name=\"twitter:label2\" content=\"Dur\u00e9e de lecture estim\u00e9e\" \/>\n\t<meta name=\"twitter:data2\" content=\"6 minutes\" \/>\n<script type=\"application\/ld+json\" class=\"yoast-schema-graph\">{\"@context\":\"https:\/\/schema.org\",\"@graph\":[{\"@type\":\"WebSite\",\"@id\":\"https:\/\/latelierdemat.com\/#website\",\"url\":\"https:\/\/latelierdemat.com\/\",\"name\":\"L&#039;atelier de Mat\",\"description\":\"#r\u00e9cup\u00e9rer #restaurer #r\u00e9inventer\",\"potentialAction\":[{\"@type\":\"SearchAction\",\"target\":{\"@type\":\"EntryPoint\",\"urlTemplate\":\"https:\/\/latelierdemat.com\/?s={search_term_string}\"},\"query-input\":\"required name=search_term_string\"}],\"inLanguage\":\"fr-FR\"},{\"@type\":\"ImageObject\",\"@id\":\"https:\/\/latelierdemat.com\/?p=3652#primaryimage\",\"inLanguage\":\"fr-FR\",\"url\":\"https:\/\/latelierdemat.com\/wp-content\/uploads\/2017\/12\/Nouvelle-utilisation-dun-porte-revue.jpg\",\"contentUrl\":\"https:\/\/latelierdemat.com\/wp-content\/uploads\/2017\/12\/Nouvelle-utilisation-dun-porte-revue.jpg\",\"width\":680,\"height\":510},{\"@type\":\"WebPage\",\"@id\":\"https:\/\/latelierdemat.com\/?p=3652#webpage\",\"url\":\"https:\/\/latelierdemat.com\/?p=3652\",\"name\":\"Revisite d'un vieux porte-revue demod\u00e9 - L&#039;atelier de Mat\",\"isPartOf\":{\"@id\":\"https:\/\/latelierdemat.com\/#website\"},\"primaryImageOfPage\":{\"@id\":\"https:\/\/latelierdemat.com\/?p=3652#primaryimage\"},\"datePublished\":\"2017-12-19T09:22:18+00:00\",\"dateModified\":\"2017-12-19T09:22:18+00:00\",\"author\":{\"@id\":\"https:\/\/latelierdemat.com\/#\/schema\/person\/8a5ae2a2c36adb8a62a1ad784fbcaf98\"},\"description\":\"Revisite d'un vieux porte-revue au look pass\u00e9 dans un style Farmhouse. En bonus: une technique simple et rapide pour bien centrer des tourillons.\",\"breadcrumb\":{\"@id\":\"https:\/\/latelierdemat.com\/?p=3652#breadcrumb\"},\"inLanguage\":\"fr-FR\",\"potentialAction\":[{\"@type\":\"ReadAction\",\"target\":[\"https:\/\/latelierdemat.com\/?p=3652\"]}]},{\"@type\":\"BreadcrumbList\",\"@id\":\"https:\/\/latelierdemat.com\/?p=3652#breadcrumb\",\"itemListElement\":[{\"@type\":\"ListItem\",\"position\":1,\"name\":\"Accueil\",\"item\":\"https:\/\/latelierdemat.com\/\"},{\"@type\":\"ListItem\",\"position\":2,\"name\":\"Revisite d&rsquo;un vieux porte-revue demod\u00e9\"}]},{\"@type\":\"Person\",\"@id\":\"https:\/\/latelierdemat.com\/#\/schema\/person\/8a5ae2a2c36adb8a62a1ad784fbcaf98\",\"name\":\"Mat\",\"image\":{\"@type\":\"ImageObject\",\"@id\":\"https:\/\/latelierdemat.com\/#personlogo\",\"inLanguage\":\"fr-FR\",\"url\":\"https:\/\/secure.gravatar.com\/avatar\/514074b8b21591ae84355f7c1eddab3c?s=96&d=mm&r=g\",\"contentUrl\":\"https:\/\/secure.gravatar.com\/avatar\/514074b8b21591ae84355f7c1eddab3c?s=96&d=mm&r=g\",\"caption\":\"Mat\"}}]}<\/script>\n<!-- \/ Yoast SEO plugin. -->","yoast_head_json":{"title":"Revisite d'un vieux porte-revue demod\u00e9 - L&#039;atelier de Mat","description":"Revisite d'un vieux porte-revue au look pass\u00e9 dans un style Farmhouse. En bonus: une technique simple et rapide pour bien centrer des tourillons.","robots":{"index":"index","follow":"follow","max-snippet":"max-snippet:-1","max-image-preview":"max-image-preview:large","max-video-preview":"max-video-preview:-1"},"canonical":"https:\/\/latelierdemat.com\/?p=3652","og_locale":"fr_FR","og_type":"article","og_title":"Revisite d'un vieux porte-revue demod\u00e9 - L&#039;atelier de Mat","og_description":"Revisite d'un vieux porte-revue au look pass\u00e9 dans un style Farmhouse. En bonus: une technique simple et rapide pour bien centrer des tourillons.","og_url":"https:\/\/latelierdemat.com\/?p=3652","og_site_name":"L&#039;atelier de Mat","article_publisher":"http:\/\/facebook.com\/latelierdemat","article_published_time":"2017-12-19T09:22:18+00:00","og_image":[{"width":680,"height":510,"url":"https:\/\/latelierdemat.com\/wp-content\/uploads\/2017\/12\/Nouvelle-utilisation-dun-porte-revue.jpg","type":"image\/jpeg"}],"twitter_card":"summary","twitter_creator":"@latelierdemat","twitter_site":"@latelierdemat","twitter_misc":{"\u00c9crit par":"Mat","Dur\u00e9e de lecture estim\u00e9e":"6 minutes"},"schema":{"@context":"https:\/\/schema.org","@graph":[{"@type":"WebSite","@id":"https:\/\/latelierdemat.com\/#website","url":"https:\/\/latelierdemat.com\/","name":"L&#039;atelier de Mat","description":"#r\u00e9cup\u00e9rer #restaurer #r\u00e9inventer","potentialAction":[{"@type":"SearchAction","target":{"@type":"EntryPoint","urlTemplate":"https:\/\/latelierdemat.com\/?s={search_term_string}"},"query-input":"required name=search_term_string"}],"inLanguage":"fr-FR"},{"@type":"ImageObject","@id":"https:\/\/latelierdemat.com\/?p=3652#primaryimage","inLanguage":"fr-FR","url":"https:\/\/latelierdemat.com\/wp-content\/uploads\/2017\/12\/Nouvelle-utilisation-dun-porte-revue.jpg","contentUrl":"https:\/\/latelierdemat.com\/wp-content\/uploads\/2017\/12\/Nouvelle-utilisation-dun-porte-revue.jpg","width":680,"height":510},{"@type":"WebPage","@id":"https:\/\/latelierdemat.com\/?p=3652#webpage","url":"https:\/\/latelierdemat.com\/?p=3652","name":"Revisite d'un vieux porte-revue demod\u00e9 - L&#039;atelier de Mat","isPartOf":{"@id":"https:\/\/latelierdemat.com\/#website"},"primaryImageOfPage":{"@id":"https:\/\/latelierdemat.com\/?p=3652#primaryimage"},"datePublished":"2017-12-19T09:22:18+00:00","dateModified":"2017-12-19T09:22:18+00:00","author":{"@id":"https:\/\/latelierdemat.com\/#\/schema\/person\/8a5ae2a2c36adb8a62a1ad784fbcaf98"},"description":"Revisite d'un vieux porte-revue au look pass\u00e9 dans un style Farmhouse. En bonus: une technique simple et rapide pour bien centrer des tourillons.","breadcrumb":{"@id":"https:\/\/latelierdemat.com\/?p=3652#breadcrumb"},"inLanguage":"fr-FR","potentialAction":[{"@type":"ReadAction","target":["https:\/\/latelierdemat.com\/?p=3652"]}]},{"@type":"BreadcrumbList","@id":"https:\/\/latelierdemat.com\/?p=3652#breadcrumb","itemListElement":[{"@type":"ListItem","position":1,"name":"Accueil","item":"https:\/\/latelierdemat.com\/"},{"@type":"ListItem","position":2,"name":"Revisite d&rsquo;un vieux porte-revue demod\u00e9"}]},{"@type":"Person","@id":"https:\/\/latelierdemat.com\/#\/schema\/person\/8a5ae2a2c36adb8a62a1ad784fbcaf98","name":"Mat","image":{"@type":"ImageObject","@id":"https:\/\/latelierdemat.com\/#personlogo","inLanguage":"fr-FR","url":"https:\/\/secure.gravatar.com\/avatar\/514074b8b21591ae84355f7c1eddab3c?s=96&d=mm&r=g","contentUrl":"https:\/\/secure.gravatar.com\/avatar\/514074b8b21591ae84355f7c1eddab3c?s=96&d=mm&r=g","caption":"Mat"}}]}},"jetpack_featured_media_url":"https:\/\/latelierdemat.com\/wp-content\/uploads\/2017\/12\/Nouvelle-utilisation-dun-porte-revue.jpg","jetpack-related-posts":[{"id":4810,"url":"https:\/\/latelierdemat.com\/?p=4810","url_meta":{"origin":3652,"position":0},"title":"Une vitrine transform\u00e9e en armoire de salle de bains","date":"19 octobre 2018","format":false,"excerpt":"Apr\u00e8s la revisite du meuble Louis Philippe pour ma fille, et le relooking du trieur \u00e0 courrier\u00a0, cette semaine\u00a0je vais m'attarder sur le cas de cette petite vitrine. Cela terminera ainsi les projets issus de ma chine du 1er septembre. Malgr\u00e9 son potentiel et cette porte vitr\u00e9e super sympa, je\u2026","rel":"","context":"Dans &quot;Restylage&quot;","img":{"alt_text":"","src":"https:\/\/i0.wp.com\/latelierdemat.com\/wp-content\/uploads\/2018\/10\/Relooker-une-vitrine-en-armoire-de-salle-de-bains.png?resize=350%2C200&ssl=1","width":350,"height":200},"classes":[]},{"id":3519,"url":"https:\/\/latelierdemat.com\/?p=3519","url_meta":{"origin":3652,"position":1},"title":"Un chevet sp\u00e9cial \u00ab\u00a0Halloween\u00a0\u00bb","date":"31 octobre 2017","format":false,"excerpt":"Parfois des projets naissent d'une concordance de choses comme c'est le cas pour ce petit chevet. Pour la petite histoire mon plus jeune fils assistait \u00e0 un gouter d'anniversaire chez un copain il y a quelques temps. En allant le chercher avec ma femme en fin de journ\u00e9e on a\u2026","rel":"","context":"Dans &quot;DIY&quot;","img":{"alt_text":"","src":"https:\/\/i2.wp.com\/latelierdemat.com\/wp-content\/uploads\/2017\/10\/D\u00e9cor-chevet-Halloween.jpg?resize=350%2C200&ssl=1","width":350,"height":200},"classes":[]},{"id":3757,"url":"https:\/\/latelierdemat.com\/?p=3757","url_meta":{"origin":3652,"position":2},"title":"Les r\u00e9cups Et\u00e9-Automne 2017","date":"17 janvier 2018","format":false,"excerpt":"Ce weekend j'ai fait\u00a0un petit peu de rangement dans mon \"stock\" de meubles et objets en attente de relooking. Il faut bien car il commence \u00e0 y en avoir un peu partout et j'essaye de faire en sorte que cela soit aussi \"discret\" que possible pour que ma petite femme\u2026","rel":"","context":"Dans &quot;R\u00e9cup\u00e9ration&quot;","img":{"alt_text":"","src":"https:\/\/i0.wp.com\/latelierdemat.com\/wp-content\/uploads\/2018\/01\/R\u00e9cups-Ete-Automne-2017.png?resize=350%2C200&ssl=1","width":350,"height":200},"classes":[]},{"id":2513,"url":"https:\/\/latelierdemat.com\/?p=2513","url_meta":{"origin":3652,"position":3},"title":"D\u00e9co Chrono : un d\u00e9vidoir \u00e0 rouleaux","date":"27 avril 2017","format":false,"excerpt":"Aujourd'hui je vais inaugurer un nouveau style d'article que j'aimerai mettre en place sur le blog \u00e0 savoir la D\u00e9co Chrono. Mais c'est quoi le concept d'une D\u00e9co Chrono ? Le but\u00a0c'est de\u00a0relooker en moins de 2 heures max un petit objet du quotidien. Pourquoi ? Parce qu'on a tous\u2026","rel":"","context":"Dans &quot;D\u00e9co Chrono&quot;","img":{"alt_text":"","src":"https:\/\/i2.wp.com\/latelierdemat.com\/wp-content\/uploads\/2017\/04\/Corde-de-la-barre-superieure.jpg?resize=350%2C200&ssl=1","width":350,"height":200},"classes":[]},{"id":1449,"url":"https:\/\/latelierdemat.com\/?p=1449","url_meta":{"origin":3652,"position":4},"title":"Mon bureau bleu","date":"25 septembre 2016","format":false,"excerpt":"Dans l'article R\u00e9centes acquisitions\u00a0en avril, je\u00a0vous avais racont\u00e9 comment j'avais acquis ce bureau. On est maintenant en septembre et je suis heureux de pouvoir vous montrer enfin le r\u00e9sultat. \u00c7a\u00a0n'a pas \u00e9t\u00e9 facile, cela a \u00e9t\u00e9 long car il y a eu des moments de d\u00e9couragements car parfois \u00e7a ne\u2026","rel":"","context":"Dans &quot;Restylage&quot;","img":{"alt_text":"","src":"https:\/\/i2.wp.com\/latelierdemat.com\/wp-content\/uploads\/2016\/09\/BBN-25.jpg?resize=350%2C200&ssl=1","width":350,"height":200},"classes":[]},{"id":4898,"url":"https:\/\/latelierdemat.com\/?p=4898","url_meta":{"origin":3652,"position":5},"title":"Un cadre \u00e0 bijoux r\u00e9alis\u00e9 \u00e0 partir d&rsquo;une boite \u00e0 cl\u00e9s.","date":"2 novembre 2018","format":false,"excerpt":"Hello les amis. Connaissez vous Facebook Market? Si oui, je ne vous apprends rien mais pour ceux qui ne connaissent pas encore, attention on peut vite devenir accro ;). C'est tellement facile \u00e0 utiliser que j'en ai un peu abus\u00e9 derni\u00e8rement, et c'est bien assis au chaud dans mon canap\u00e9\u2026","rel":"","context":"Dans &quot;Cadre&quot;","img":{"alt_text":"","src":"https:\/\/i0.wp.com\/latelierdemat.com\/wp-content\/uploads\/2018\/11\/Cadre-a-bijoux-relooke.png?resize=350%2C200&ssl=1","width":350,"height":200},"classes":[]}],"jetpack_likes_enabled":true,"_links":{"self":[{"href":"https:\/\/latelierdemat.com\/index.php?rest_route=\/wp\/v2\/posts\/3652"}],"collection":[{"href":"https:\/\/latelierdemat.com\/index.php?rest_route=\/wp\/v2\/posts"}],"about":[{"href":"https:\/\/latelierdemat.com\/index.php?rest_route=\/wp\/v2\/types\/post"}],"author":[{"embeddable":true,"href":"https:\/\/latelierdemat.com\/index.php?rest_route=\/wp\/v2\/users\/3"}],"replies":[{"embeddable":true,"href":"https:\/\/latelierdemat.com\/index.php?rest_route=%2Fwp%2Fv2%2Fcomments&post=3652"}],"version-history":[{"count":15,"href":"https:\/\/latelierdemat.com\/index.php?rest_route=\/wp\/v2\/posts\/3652\/revisions"}],"predecessor-version":[{"id":3695,"href":"https:\/\/latelierdemat.com\/index.php?rest_route=\/wp\/v2\/posts\/3652\/revisions\/3695"}],"wp:featuredmedia":[{"embeddable":true,"href":"https:\/\/latelierdemat.com\/index.php?rest_route=\/wp\/v2\/media\/3681"}],"wp:attachment":[{"href":"https:\/\/latelierdemat.com\/index.php?rest_route=%2Fwp%2Fv2%2Fmedia&parent=3652"}],"wp:term":[{"taxonomy":"category","embeddable":true,"href":"https:\/\/latelierdemat.com\/index.php?rest_route=%2Fwp%2Fv2%2Fcategories&post=3652"},{"taxonomy":"post_tag","embeddable":true,"href":"https:\/\/latelierdemat.com\/index.php?rest_route=%2Fwp%2Fv2%2Ftags&post=3652"}],"curies":[{"name":"wp","href":"https:\/\/api.w.org\/{rel}","templated":true}]}}