{"id":3701,"date":"2018-01-08T09:48:34","date_gmt":"2018-01-08T08:48:34","guid":{"rendered":"http:\/\/latelierdemat.com\/?p=3701"},"modified":"2018-02-08T15:45:40","modified_gmt":"2018-02-08T14:45:40","slug":"restyler-classeur-melaminestratifie","status":"publish","type":"post","link":"https:\/\/latelierdemat.com\/?p=3701","title":{"rendered":"Restyler un classeur en m\u00e9lamin\u00e9\/stratifi\u00e9"},"content":{"rendered":"<p>Hey les amis ! Tout d&rsquo;abord, je vous pr\u00e9sente mes meilleurs v\u0153ux pour cette nouvelle ann\u00e9e qui commence en vous souhaitant plein de bonnes choses et de la r\u00e9ussite dans vos projets. De mon c\u00f4t\u00e9, j&rsquo;ai profit\u00e9 d&rsquo;\u00eatre en vacances en cette fin d&rsquo;ann\u00e9e pour me pencher sur le cas de ce vieux classeur en m\u00e9lamin\u00e9.<br \/>\nPour la petite histoire, j&rsquo;ai r\u00e9cup\u00e9r\u00e9 ce meuble un matin au bord de la route. Je n&rsquo;avais pas pr\u00e9vu de le refaire car celui-ci n&rsquo;est pas en bois mais en m\u00e9lamin\u00e9 et je comptais juste m&rsquo;en servir comme stockage dans l&rsquo;atelier. Mais il \u00e9tait tout le temps dans le passage et comme ma femme pensait qu&rsquo;il serait pratique dans la maison pour stocker des papiers, alors pourquoi ne pas essayer de lui faire un petit relooking ?<\/p>\n<p><a href=\"http:\/\/latelierdemat.com\/wp-content\/uploads\/2018\/01\/Classeur-avant.jpg\"><img loading=\"lazy\" class=\"aligncenter size-full wp-image-3702\" src=\"http:\/\/latelierdemat.com\/wp-content\/uploads\/2018\/01\/Classeur-avant.jpg\" alt=\"\" width=\"680\" height=\"907\" srcset=\"https:\/\/latelierdemat.com\/wp-content\/uploads\/2018\/01\/Classeur-avant.jpg 680w, https:\/\/latelierdemat.com\/wp-content\/uploads\/2018\/01\/Classeur-avant-400x534.jpg 400w, https:\/\/latelierdemat.com\/wp-content\/uploads\/2018\/01\/Classeur-avant-150x200.jpg 150w, https:\/\/latelierdemat.com\/wp-content\/uploads\/2018\/01\/Classeur-avant-560x747.jpg 560w\" sizes=\"(max-width: 680px) 100vw, 680px\" \/><\/a><\/p>\n<p>Avant de commencer la seule chose dont j&rsquo;\u00e9tais vraiment s\u00fbr \u00e9tait que tout ce marron devait disparaitre et comme on ne peut pas repeindre du m\u00e9lamin\u00e9 juste comme \u00e7a il me fallait un appr\u00eat. Par chance, j&rsquo;ai retrouv\u00e9 ce pot de sous-couche sp\u00e9cial stratifi\u00e9 dans mon stock de peinture. Il n&rsquo;en restait pas beaucoup mais la principale question \u00e9tait de savoir si le produit \u00e9tait toujours \u00ab\u00a0efficace\u00a0\u00bb. En effet je dois avoir ce pot depuis 2006 de m\u00e9moire.<\/p>\n<p><a href=\"http:\/\/latelierdemat.com\/wp-content\/uploads\/2018\/01\/Sous-couche-stratifi\u00e9.jpg\"><img loading=\"lazy\" class=\"aligncenter size-full wp-image-3703\" src=\"http:\/\/latelierdemat.com\/wp-content\/uploads\/2018\/01\/Sous-couche-stratifi\u00e9.jpg\" alt=\"\" width=\"680\" height=\"510\" srcset=\"https:\/\/latelierdemat.com\/wp-content\/uploads\/2018\/01\/Sous-couche-stratifi\u00e9.jpg 680w, https:\/\/latelierdemat.com\/wp-content\/uploads\/2018\/01\/Sous-couche-stratifi\u00e9-400x300.jpg 400w, https:\/\/latelierdemat.com\/wp-content\/uploads\/2018\/01\/Sous-couche-stratifi\u00e9-200x150.jpg 200w, https:\/\/latelierdemat.com\/wp-content\/uploads\/2018\/01\/Sous-couche-stratifi\u00e9-560x420.jpg 560w\" sizes=\"(max-width: 680px) 100vw, 680px\" \/><\/a><\/p>\n<p>La meilleure fa\u00e7on de savoir si la sous couche est toujours utilisable est de l&rsquo;essayer. Arm\u00e9 d&rsquo;un petit rouleau en mousse, j&rsquo;ai recouvert l&rsquo;int\u00e9gralit\u00e9 du classeur et j&rsquo;ai laiss\u00e9 s\u00e9cher pour la nuit.<\/p>\n<p><a href=\"http:\/\/latelierdemat.com\/wp-content\/uploads\/2018\/01\/Classeur-avec-sous-couche.jpg\"><img loading=\"lazy\" class=\"aligncenter size-full wp-image-3704\" src=\"http:\/\/latelierdemat.com\/wp-content\/uploads\/2018\/01\/Classeur-avec-sous-couche.jpg\" alt=\"\" width=\"680\" height=\"510\" srcset=\"https:\/\/latelierdemat.com\/wp-content\/uploads\/2018\/01\/Classeur-avec-sous-couche.jpg 680w, https:\/\/latelierdemat.com\/wp-content\/uploads\/2018\/01\/Classeur-avec-sous-couche-400x300.jpg 400w, https:\/\/latelierdemat.com\/wp-content\/uploads\/2018\/01\/Classeur-avec-sous-couche-200x150.jpg 200w, https:\/\/latelierdemat.com\/wp-content\/uploads\/2018\/01\/Classeur-avec-sous-couche-560x420.jpg 560w\" sizes=\"(max-width: 680px) 100vw, 680px\" \/><\/a><\/p>\n<p>De retour \u00e0 l&rsquo;atelier le matin, la sous couche avait l&rsquo;air OK. Tout \u00e9tait sec et tenait bien sur le stratifi\u00e9. Je suis donc pass\u00e9 \u00e0 l&rsquo;\u00e9tape suivante \u00e0 savoir, modifier le style du classeur. Pour cela je vais avoir besoin de tailler beaucoup de pi\u00e8ces de bois car je souhaite \u00ab\u00a0habiller\u00a0\u00bb les c\u00f4t\u00e9s et le devant afin de faire disparaitre les lignes si caract\u00e9ristiques des meubles en m\u00e9lamin\u00e9. J&rsquo;avais cette planche de lambris faisant plus de 3 m\u00e8tres de long qui attendait sagement dans un coin de l&rsquo;atelier et elle \u00e9tait parfaite pour l&rsquo;usage que je comptais en faire.<\/p>\n<p><a href=\"http:\/\/latelierdemat.com\/wp-content\/uploads\/2018\/01\/Planche-de-lambris.jpg\"><img loading=\"lazy\" class=\"aligncenter size-full wp-image-3705\" src=\"http:\/\/latelierdemat.com\/wp-content\/uploads\/2018\/01\/Planche-de-lambris.jpg\" alt=\"\" width=\"680\" height=\"907\" srcset=\"https:\/\/latelierdemat.com\/wp-content\/uploads\/2018\/01\/Planche-de-lambris.jpg 680w, https:\/\/latelierdemat.com\/wp-content\/uploads\/2018\/01\/Planche-de-lambris-400x534.jpg 400w, https:\/\/latelierdemat.com\/wp-content\/uploads\/2018\/01\/Planche-de-lambris-150x200.jpg 150w, https:\/\/latelierdemat.com\/wp-content\/uploads\/2018\/01\/Planche-de-lambris-560x747.jpg 560w\" sizes=\"(max-width: 680px) 100vw, 680px\" \/><\/a><\/p>\n<p>Avec la scie \u00e0 onglets, j&rsquo;ai effectu\u00e9 les d\u00e9coupes en longueur, puis j&rsquo;ai utilis\u00e9 la scie sur table pour enlever dans un premier temps les feuillures de chaque cot\u00e9 pour obtenir des bords bien droits.<\/p>\n<p><a href=\"http:\/\/latelierdemat.com\/wp-content\/uploads\/2018\/01\/Suppression-des-feuillures.jpg\"><img loading=\"lazy\" class=\"aligncenter size-full wp-image-3706\" src=\"http:\/\/latelierdemat.com\/wp-content\/uploads\/2018\/01\/Suppression-des-feuillures.jpg\" alt=\"\" width=\"680\" height=\"510\" srcset=\"https:\/\/latelierdemat.com\/wp-content\/uploads\/2018\/01\/Suppression-des-feuillures.jpg 680w, https:\/\/latelierdemat.com\/wp-content\/uploads\/2018\/01\/Suppression-des-feuillures-400x300.jpg 400w, https:\/\/latelierdemat.com\/wp-content\/uploads\/2018\/01\/Suppression-des-feuillures-200x150.jpg 200w, https:\/\/latelierdemat.com\/wp-content\/uploads\/2018\/01\/Suppression-des-feuillures-560x420.jpg 560w\" sizes=\"(max-width: 680px) 100vw, 680px\" \/><\/a><\/p>\n<p>Dans un deuxi\u00e8me temps et toujours avec ma scie sur table, j&rsquo;ai d\u00e9bit\u00e9 toutes les parties dont j&rsquo;allais avoir besoin pour habiller le classeur. Coup de chance que j&rsquo;avais cette grande planche de lambris \u00e0 disposition sinon j&rsquo;aurais d\u00fb acheter un paquet de \u00ab\u00a0baguettes\u00a0\u00bb en GSB et je ne voulais pas mettre un centime dans ce relooking \ud83d\ude09<\/p>\n<p><img loading=\"lazy\" class=\"aligncenter size-full wp-image-3707\" src=\"http:\/\/latelierdemat.com\/wp-content\/uploads\/2018\/01\/Planches-d\u00e9bit\u00e9es.jpg\" alt=\"\" width=\"680\" height=\"510\" srcset=\"https:\/\/latelierdemat.com\/wp-content\/uploads\/2018\/01\/Planches-d\u00e9bit\u00e9es.jpg 680w, https:\/\/latelierdemat.com\/wp-content\/uploads\/2018\/01\/Planches-d\u00e9bit\u00e9es-400x300.jpg 400w, https:\/\/latelierdemat.com\/wp-content\/uploads\/2018\/01\/Planches-d\u00e9bit\u00e9es-200x150.jpg 200w, https:\/\/latelierdemat.com\/wp-content\/uploads\/2018\/01\/Planches-d\u00e9bit\u00e9es-560x420.jpg 560w\" sizes=\"(max-width: 680px) 100vw, 680px\" \/><\/p>\n<p>Avant de fixer les baguettes sur le classeur, j&rsquo;ai effectu\u00e9 un chanfrein sur chaque c\u00f4t\u00e9 de celles-ci. C&rsquo;est une petite habitude que j&rsquo;ai prise sur ce genre de meuble comme <a href=\"http:\/\/latelierdemat.com\/?p=1270\" target=\"_blank\" rel=\"noopener\">pour ce<\/a><a href=\"http:\/\/latelierdemat.com\/?p=1270\" target=\"_blank\" rel=\"noopener\"> li<\/a><a href=\"http:\/\/latelierdemat.com\/?p=1270\" target=\"_blank\" rel=\"noopener\">t<\/a> ou <a href=\"http:\/\/latelierdemat.com\/?p=1026\" target=\"_blank\" rel=\"noopener\">ce comptoir,<\/a>\u00a0car cela fait plus joli mais surtout cela \u00e9vite que l&rsquo;angle soit \u00ab\u00a0coupant\u00a0\u00bb et s&rsquo;abime \u00e0 l&rsquo;usage. Cela \u00e9vite aussi de se prendre une bonne grosse \u00e9charde car c&rsquo;est jamais un truc agr\u00e9able ;).<\/p>\n<p><a href=\"http:\/\/latelierdemat.com\/wp-content\/uploads\/2018\/01\/Fraise-\u00e0-chant.jpg\"><img loading=\"lazy\" class=\"aligncenter size-full wp-image-3708\" src=\"http:\/\/latelierdemat.com\/wp-content\/uploads\/2018\/01\/Fraise-\u00e0-chant.jpg\" alt=\"\" width=\"680\" height=\"510\" srcset=\"https:\/\/latelierdemat.com\/wp-content\/uploads\/2018\/01\/Fraise-\u00e0-chant.jpg 680w, https:\/\/latelierdemat.com\/wp-content\/uploads\/2018\/01\/Fraise-\u00e0-chant-400x300.jpg 400w, https:\/\/latelierdemat.com\/wp-content\/uploads\/2018\/01\/Fraise-\u00e0-chant-200x150.jpg 200w, https:\/\/latelierdemat.com\/wp-content\/uploads\/2018\/01\/Fraise-\u00e0-chant-560x420.jpg 560w\" sizes=\"(max-width: 680px) 100vw, 680px\" \/><\/a><\/p>\n<p>Avec mon nouveau petit joujou , un <a href=\"http:\/\/amzn.to\/2nLRnfi\">pistolet \u00e0 clous pneumatique<\/a>, que le P\u00e8re No\u00ebl m&rsquo;a gentiment livr\u00e9 au pied du sapin, j&rsquo;ai attaqu\u00e9 le parement des c\u00f4t\u00e9s.<\/p>\n<p><a href=\"http:\/\/latelierdemat.com\/wp-content\/uploads\/2018\/01\/Pose-du-parement.jpg\"><img loading=\"lazy\" class=\"aligncenter size-full wp-image-3709\" src=\"http:\/\/latelierdemat.com\/wp-content\/uploads\/2018\/01\/Pose-du-parement.jpg\" alt=\"\" width=\"680\" height=\"907\" srcset=\"https:\/\/latelierdemat.com\/wp-content\/uploads\/2018\/01\/Pose-du-parement.jpg 680w, https:\/\/latelierdemat.com\/wp-content\/uploads\/2018\/01\/Pose-du-parement-400x534.jpg 400w, https:\/\/latelierdemat.com\/wp-content\/uploads\/2018\/01\/Pose-du-parement-150x200.jpg 150w, https:\/\/latelierdemat.com\/wp-content\/uploads\/2018\/01\/Pose-du-parement-560x747.jpg 560w\" sizes=\"(max-width: 680px) 100vw, 680px\" \/><\/a><\/p>\n<p>Pour me simplifier l&rsquo;alignement avec le devant du classeur, j&rsquo;ai attach\u00e9 une chute de MDF avec des serres joints. Ainsi je suis assur\u00e9 de ne pas d\u00e9passer et d&rsquo;\u00eatre compl\u00e9tement align\u00e9. C&rsquo;est une petite astuce toujours tr\u00e8s pratique pour ce genre de r\u00e9alisation quand on travaille seul \ud83d\ude09<\/p>\n<p><img loading=\"lazy\" class=\"aligncenter size-full wp-image-3710\" src=\"http:\/\/latelierdemat.com\/wp-content\/uploads\/2018\/01\/Technique-pose-parement.jpg\" alt=\"\" width=\"680\" height=\"907\" srcset=\"https:\/\/latelierdemat.com\/wp-content\/uploads\/2018\/01\/Technique-pose-parement.jpg 680w, https:\/\/latelierdemat.com\/wp-content\/uploads\/2018\/01\/Technique-pose-parement-400x534.jpg 400w, https:\/\/latelierdemat.com\/wp-content\/uploads\/2018\/01\/Technique-pose-parement-150x200.jpg 150w, https:\/\/latelierdemat.com\/wp-content\/uploads\/2018\/01\/Technique-pose-parement-560x747.jpg 560w\" sizes=\"(max-width: 680px) 100vw, 680px\" \/><\/p>\n<p>En quelques minutes j&rsquo;ai pu habiller tout un c\u00f4t\u00e9 du classeur. Ce genre de travail est agr\u00e9able car cela va vite \u00e0 faire, et on a l&rsquo;impression de voir le meuble se transformer \u00e0 vue d&rsquo;\u0153il.<\/p>\n<p><img loading=\"lazy\" class=\"aligncenter size-full wp-image-3732\" src=\"http:\/\/latelierdemat.com\/wp-content\/uploads\/2018\/01\/Parement-cot\u00e9-.jpg\" alt=\"\" width=\"680\" height=\"907\" srcset=\"https:\/\/latelierdemat.com\/wp-content\/uploads\/2018\/01\/Parement-cot\u00e9-.jpg 680w, https:\/\/latelierdemat.com\/wp-content\/uploads\/2018\/01\/Parement-cot\u00e9--400x534.jpg 400w, https:\/\/latelierdemat.com\/wp-content\/uploads\/2018\/01\/Parement-cot\u00e9--150x200.jpg 150w, https:\/\/latelierdemat.com\/wp-content\/uploads\/2018\/01\/Parement-cot\u00e9--560x747.jpg 560w\" sizes=\"(max-width: 680px) 100vw, 680px\" \/><br \/>\nJ&rsquo;ai proc\u00e9d\u00e9 de la m\u00eame mani\u00e8re pour le devant du classeur. La seule diff\u00e9rence \u00e9tant qu&rsquo;afin d&rsquo;\u00eatre s\u00fbr que les baguettes couvrent parfaitement le m\u00e9lamin\u00e9 du classeur, j&rsquo;ai coup\u00e9 celles-ci l\u00e9g\u00e8rement plus larges.<br \/>\nJe devais donc les faire affleurer pour que cela fasse bien propre. L&rsquo;outil que j&rsquo;aime utiliser pour cette t\u00e2che est la <a href=\"http:\/\/amzn.to\/2FW3wEY\">fraise \u00e0 copier<\/a> mont\u00e9e sur une d\u00e9fonceuse.<\/p>\n<p><a href=\"http:\/\/latelierdemat.com\/wp-content\/uploads\/2018\/01\/Fraise-\u00e0-copier.jpg\"><img loading=\"lazy\" class=\"aligncenter size-full wp-image-3711\" src=\"http:\/\/latelierdemat.com\/wp-content\/uploads\/2018\/01\/Fraise-\u00e0-copier.jpg\" alt=\"\" width=\"680\" height=\"510\" srcset=\"https:\/\/latelierdemat.com\/wp-content\/uploads\/2018\/01\/Fraise-\u00e0-copier.jpg 680w, https:\/\/latelierdemat.com\/wp-content\/uploads\/2018\/01\/Fraise-\u00e0-copier-400x300.jpg 400w, https:\/\/latelierdemat.com\/wp-content\/uploads\/2018\/01\/Fraise-\u00e0-copier-200x150.jpg 200w, https:\/\/latelierdemat.com\/wp-content\/uploads\/2018\/01\/Fraise-\u00e0-copier-560x420.jpg 560w\" sizes=\"(max-width: 680px) 100vw, 680px\" \/><\/a><\/p>\n<p>Comment ca marche? Le roulement (la partie grise) appuie sur la partie de r\u00e9f\u00e9rence, ici le classeur, et la partie coupante bleue enl\u00e8ve le surplus de mati\u00e8re. On voit sur la gauche de la photo le r\u00e9sultat obtenu. Il ne me reste plus qu&rsquo;\u00e0 enlever \u00e0 la main le surplus o\u00f9 la machine ne peut pas acc\u00e9der.<\/p>\n<p><a href=\"http:\/\/latelierdemat.com\/wp-content\/uploads\/2018\/01\/R\u00e9sultat-apr\u00e8s-fraise-\u00e0-copier.jpg\"><img loading=\"lazy\" class=\"aligncenter size-full wp-image-3712\" src=\"http:\/\/latelierdemat.com\/wp-content\/uploads\/2018\/01\/R\u00e9sultat-apr\u00e8s-fraise-\u00e0-copier.jpg\" alt=\"\" width=\"680\" height=\"510\" srcset=\"https:\/\/latelierdemat.com\/wp-content\/uploads\/2018\/01\/R\u00e9sultat-apr\u00e8s-fraise-\u00e0-copier.jpg 680w, https:\/\/latelierdemat.com\/wp-content\/uploads\/2018\/01\/R\u00e9sultat-apr\u00e8s-fraise-\u00e0-copier-400x300.jpg 400w, https:\/\/latelierdemat.com\/wp-content\/uploads\/2018\/01\/R\u00e9sultat-apr\u00e8s-fraise-\u00e0-copier-200x150.jpg 200w, https:\/\/latelierdemat.com\/wp-content\/uploads\/2018\/01\/R\u00e9sultat-apr\u00e8s-fraise-\u00e0-copier-560x420.jpg 560w\" sizes=\"(max-width: 680px) 100vw, 680px\" \/><\/a><\/p>\n<p>Les baguettes \u00e9tant en sapin, j&rsquo;ai choisi d&rsquo;utiliser une petite r\u00e2pe. Si cela avait \u00e9t\u00e9 du bois dur comme du ch\u00eane j&rsquo;aurais opt\u00e9 pour un ciseau \u00e0 bois ou un rabot je pense.<\/p>\n<p><a href=\"http:\/\/latelierdemat.com\/wp-content\/uploads\/2018\/01\/Rape-demi-lune.jpg\"><img loading=\"lazy\" class=\"aligncenter size-full wp-image-3713\" src=\"http:\/\/latelierdemat.com\/wp-content\/uploads\/2018\/01\/Rape-demi-lune.jpg\" alt=\"\" width=\"680\" height=\"510\" srcset=\"https:\/\/latelierdemat.com\/wp-content\/uploads\/2018\/01\/Rape-demi-lune.jpg 680w, https:\/\/latelierdemat.com\/wp-content\/uploads\/2018\/01\/Rape-demi-lune-400x300.jpg 400w, https:\/\/latelierdemat.com\/wp-content\/uploads\/2018\/01\/Rape-demi-lune-200x150.jpg 200w, https:\/\/latelierdemat.com\/wp-content\/uploads\/2018\/01\/Rape-demi-lune-560x420.jpg 560w\" sizes=\"(max-width: 680px) 100vw, 680px\" \/><\/a><\/p>\n<p>En 5 minutes \u00e0 peine les deux c\u00f4t\u00e9s de la fa\u00e7ade ont \u00e9t\u00e9 mis \u00e0 niveau pour la suite des op\u00e9rations. Il me reste encore \u00e0 habiller le bas et le haut du classeur afin de faire disparaitre cet horrible m\u00e9lamin\u00e9 marron.<\/p>\n<p><a href=\"http:\/\/latelierdemat.com\/wp-content\/uploads\/2018\/01\/Alignement-parement.jpg\"><img loading=\"lazy\" class=\"aligncenter size-full wp-image-3714\" src=\"http:\/\/latelierdemat.com\/wp-content\/uploads\/2018\/01\/Alignement-parement.jpg\" alt=\"\" width=\"680\" height=\"510\" srcset=\"https:\/\/latelierdemat.com\/wp-content\/uploads\/2018\/01\/Alignement-parement.jpg 680w, https:\/\/latelierdemat.com\/wp-content\/uploads\/2018\/01\/Alignement-parement-400x300.jpg 400w, https:\/\/latelierdemat.com\/wp-content\/uploads\/2018\/01\/Alignement-parement-200x150.jpg 200w, https:\/\/latelierdemat.com\/wp-content\/uploads\/2018\/01\/Alignement-parement-560x420.jpg 560w\" sizes=\"(max-width: 680px) 100vw, 680px\" \/><\/a><\/p>\n<p>Mais avant cela j&rsquo;ai pris l&rsquo;option de pr\u00e9parer le futur plateau du classeur. Il me restait un peu de ce panneau d&rsquo;h\u00e9v\u00e9a suite\u00a0<strong><a href=\"http:\/\/latelierdemat.com\/?p=3383\" target=\"_blank\" rel=\"noopener\">au relooking de mes tabourets.<\/a><\/strong><\/p>\n<p><a href=\"http:\/\/latelierdemat.com\/wp-content\/uploads\/2018\/01\/Panneau-en-hevea.jpg\"><img loading=\"lazy\" class=\"aligncenter size-full wp-image-3715\" src=\"http:\/\/latelierdemat.com\/wp-content\/uploads\/2018\/01\/Panneau-en-hevea.jpg\" alt=\"\" width=\"680\" height=\"907\" srcset=\"https:\/\/latelierdemat.com\/wp-content\/uploads\/2018\/01\/Panneau-en-hevea.jpg 680w, https:\/\/latelierdemat.com\/wp-content\/uploads\/2018\/01\/Panneau-en-hevea-400x534.jpg 400w, https:\/\/latelierdemat.com\/wp-content\/uploads\/2018\/01\/Panneau-en-hevea-150x200.jpg 150w, https:\/\/latelierdemat.com\/wp-content\/uploads\/2018\/01\/Panneau-en-hevea-560x747.jpg 560w\" sizes=\"(max-width: 680px) 100vw, 680px\" \/><\/a><\/p>\n<p>Dans la vie j&rsquo;ai tendance \u00e0 arrondir les angles donc \u00e0 l&rsquo;atelier c&rsquo;est la m\u00eame chose ;). Plus s\u00e9rieusement j&rsquo;ai tendance \u00e0 beaucoup me cogner dans les meubles, c&rsquo;est m\u00eame de famille \u00e0 ce qu&rsquo;il parait, donc autant \u00e9viter de se faire mal. Ici j&rsquo;ai utilis\u00e9 le couvercle d&rsquo;un pot qui trainait dans l&rsquo;atelier en guise de gabarit.<\/p>\n<p><a href=\"http:\/\/latelierdemat.com\/wp-content\/uploads\/2018\/01\/Gabarit-decoupe-angle.jpg\"><img loading=\"lazy\" class=\"aligncenter size-full wp-image-3716\" src=\"http:\/\/latelierdemat.com\/wp-content\/uploads\/2018\/01\/Gabarit-decoupe-angle.jpg\" alt=\"\" width=\"680\" height=\"510\" srcset=\"https:\/\/latelierdemat.com\/wp-content\/uploads\/2018\/01\/Gabarit-decoupe-angle.jpg 680w, https:\/\/latelierdemat.com\/wp-content\/uploads\/2018\/01\/Gabarit-decoupe-angle-400x300.jpg 400w, https:\/\/latelierdemat.com\/wp-content\/uploads\/2018\/01\/Gabarit-decoupe-angle-200x150.jpg 200w, https:\/\/latelierdemat.com\/wp-content\/uploads\/2018\/01\/Gabarit-decoupe-angle-560x420.jpg 560w\" sizes=\"(max-width: 680px) 100vw, 680px\" \/><\/a><\/p>\n<p>Un petit coup de scie sauteuse plus tard, j&rsquo;ai \u00e9quip\u00e9 ma d\u00e9fonceuse fixe d&rsquo;une fraise quart de rond pour usiner un arrondi sur chaque face du plateau.<\/p>\n<p><a href=\"http:\/\/latelierdemat.com\/wp-content\/uploads\/2018\/01\/Fraise-quart-de-rond.jpg\"><img loading=\"lazy\" class=\"aligncenter size-full wp-image-3717\" src=\"http:\/\/latelierdemat.com\/wp-content\/uploads\/2018\/01\/Fraise-quart-de-rond.jpg\" alt=\"\" width=\"680\" height=\"510\" srcset=\"https:\/\/latelierdemat.com\/wp-content\/uploads\/2018\/01\/Fraise-quart-de-rond.jpg 680w, https:\/\/latelierdemat.com\/wp-content\/uploads\/2018\/01\/Fraise-quart-de-rond-400x300.jpg 400w, https:\/\/latelierdemat.com\/wp-content\/uploads\/2018\/01\/Fraise-quart-de-rond-200x150.jpg 200w, https:\/\/latelierdemat.com\/wp-content\/uploads\/2018\/01\/Fraise-quart-de-rond-560x420.jpg 560w\" sizes=\"(max-width: 680px) 100vw, 680px\" \/><\/a><\/p>\n<p>Et voil\u00e0 le plateau est pr\u00eat, il ne restera plus qu&rsquo;\u00e0 le teindre. J&rsquo;avais besoin de faire celui-ci afin de d\u00e9terminer la hauteur de la baguette de parement pour le haut du classeur. Celle-ci devrait tenir entre le plateau et le trou de cl\u00e9 de la porte, tout en \u00e9tant assez large pour cacher le chant en m\u00e9lamin\u00e9 marron. J&rsquo;ai trouv\u00e9 mon bonheur en en coupant une dans une chute de MDF que j&rsquo;avais en stock.<\/p>\n<p><a href=\"http:\/\/latelierdemat.com\/wp-content\/uploads\/2018\/01\/Pose-du-parement-superieur.jpg\"><img loading=\"lazy\" class=\"aligncenter size-full wp-image-3718\" src=\"http:\/\/latelierdemat.com\/wp-content\/uploads\/2018\/01\/Pose-du-parement-superieur.jpg\" alt=\"\" width=\"680\" height=\"510\" srcset=\"https:\/\/latelierdemat.com\/wp-content\/uploads\/2018\/01\/Pose-du-parement-superieur.jpg 680w, https:\/\/latelierdemat.com\/wp-content\/uploads\/2018\/01\/Pose-du-parement-superieur-400x300.jpg 400w, https:\/\/latelierdemat.com\/wp-content\/uploads\/2018\/01\/Pose-du-parement-superieur-200x150.jpg 200w, https:\/\/latelierdemat.com\/wp-content\/uploads\/2018\/01\/Pose-du-parement-superieur-560x420.jpg 560w\" sizes=\"(max-width: 680px) 100vw, 680px\" \/><\/a><\/p>\n<p>Et chose incroyable car cela n&rsquo;arrive pas souvent, la partie restante de cette chute \u00e9tait parfaite pour recouvrir le pied du classeur. J&rsquo;ai juste d\u00fb enlever quelques millim\u00e8tres pour qu&rsquo;elle soit \u00e0 la bonne hauteur. Ah qu&rsquo;est ce que j&rsquo;aimerais que tous les projets se goupillent bien comme \u00e7a \ud83d\ude09<\/p>\n<p><a href=\"http:\/\/latelierdemat.com\/wp-content\/uploads\/2018\/01\/Pose-du-parement-inferieur.jpg\"><img loading=\"lazy\" class=\"aligncenter size-full wp-image-3719\" src=\"http:\/\/latelierdemat.com\/wp-content\/uploads\/2018\/01\/Pose-du-parement-inferieur.jpg\" alt=\"\" width=\"680\" height=\"510\" srcset=\"https:\/\/latelierdemat.com\/wp-content\/uploads\/2018\/01\/Pose-du-parement-inferieur.jpg 680w, https:\/\/latelierdemat.com\/wp-content\/uploads\/2018\/01\/Pose-du-parement-inferieur-400x300.jpg 400w, https:\/\/latelierdemat.com\/wp-content\/uploads\/2018\/01\/Pose-du-parement-inferieur-200x150.jpg 200w, https:\/\/latelierdemat.com\/wp-content\/uploads\/2018\/01\/Pose-du-parement-inferieur-560x420.jpg 560w\" sizes=\"(max-width: 680px) 100vw, 680px\" \/><\/a><\/p>\n<p>\u00c0 ce stade cela commence \u00e0 sentir bon la fin de projet. Il me reste encore \u00e0 cacher cette planche car la d\u00e9coupe centrale n&rsquo;est pas tr\u00e8s jolie et surtout cette partie est trop renfonc\u00e9e par rapport au reste depuis l&rsquo;ajout des baguettes.<\/p>\n<p><a href=\"http:\/\/latelierdemat.com\/wp-content\/uploads\/2018\/01\/Partie-superieure-du-classeur-avant.jpg\"><img loading=\"lazy\" class=\"aligncenter size-full wp-image-3729\" src=\"http:\/\/latelierdemat.com\/wp-content\/uploads\/2018\/01\/Partie-superieure-du-classeur-avant.jpg\" alt=\"\" width=\"680\" height=\"510\" srcset=\"https:\/\/latelierdemat.com\/wp-content\/uploads\/2018\/01\/Partie-superieure-du-classeur-avant.jpg 680w, https:\/\/latelierdemat.com\/wp-content\/uploads\/2018\/01\/Partie-superieure-du-classeur-avant-400x300.jpg 400w, https:\/\/latelierdemat.com\/wp-content\/uploads\/2018\/01\/Partie-superieure-du-classeur-avant-200x150.jpg 200w, https:\/\/latelierdemat.com\/wp-content\/uploads\/2018\/01\/Partie-superieure-du-classeur-avant-560x420.jpg 560w\" sizes=\"(max-width: 680px) 100vw, 680px\" \/><\/a><\/p>\n<p>J&rsquo;ai encore un un petit coup de chance et j&rsquo;ai de nouveau pu mettre la main sur une chute de MDF \u00e0 la bonne \u00e9paisseur \ud83d\ude09 Apr\u00e8s avoir perc\u00e9 pour que la cl\u00e9 puisse passer par la suite, j&rsquo;ai clou\u00e9 le tout.<br \/>\nVous noterez mon super syst\u00e8me de centrage \u00e0 un million d&rsquo;euros \ud83d\ude09 .<br \/>\n<script type=\"text\/javascript\" src=\"https:\/\/app.mailerlite.com\/data\/webforms\/271653\/b7n7j5.js?v24\"><\/script><br \/>\nComme cette partie devra coulisser jusqu&rsquo;en bas lors de l&rsquo;ouverture de la porte, j&rsquo;ai coup\u00e9 la chute en MDF quelques millim\u00e8tres moins large que l&rsquo;ouverture et j&rsquo;ai utilis\u00e9 deux disques \u00e0 poncer pour centrer celle ci de fa\u00e7on \u00e9gale.<\/p>\n<p><a href=\"http:\/\/latelierdemat.com\/wp-content\/uploads\/2018\/01\/Partie-syperieurre-du-classeur-apres.jpg\"><img loading=\"lazy\" class=\"aligncenter size-full wp-image-3730\" src=\"http:\/\/latelierdemat.com\/wp-content\/uploads\/2018\/01\/Partie-syperieurre-du-classeur-apres.jpg\" alt=\"\" width=\"680\" height=\"510\" srcset=\"https:\/\/latelierdemat.com\/wp-content\/uploads\/2018\/01\/Partie-syperieurre-du-classeur-apres.jpg 680w, https:\/\/latelierdemat.com\/wp-content\/uploads\/2018\/01\/Partie-syperieurre-du-classeur-apres-400x300.jpg 400w, https:\/\/latelierdemat.com\/wp-content\/uploads\/2018\/01\/Partie-syperieurre-du-classeur-apres-200x150.jpg 200w, https:\/\/latelierdemat.com\/wp-content\/uploads\/2018\/01\/Partie-syperieurre-du-classeur-apres-560x420.jpg 560w\" sizes=\"(max-width: 680px) 100vw, 680px\" \/><\/a><\/p>\n<p>Le dernier petit bricolage \u00e0 r\u00e9aliser est d&rsquo;usiner des baguettes qui serviront pour redresser les \u00e9tag\u00e8res du classeur. Celles-ci sont en contreplaqu\u00e9 de 5 mm et sont tr\u00e8s courb\u00e9es (beaucoup de poids devait \u00eatre stock\u00e9 dessus je pense). Pour rem\u00e9dier \u00e0 cela j&rsquo;ai coup\u00e9 des morceaux de baguettes et j&rsquo;ai usin\u00e9 une rainure dedans gr\u00e2ce \u00e0 ma d\u00e9fonceuse fixe.<\/p>\n<p><a href=\"http:\/\/latelierdemat.com\/wp-content\/uploads\/2018\/01\/Fraise-droite.jpg\"><img loading=\"lazy\" class=\"aligncenter size-full wp-image-3720\" src=\"http:\/\/latelierdemat.com\/wp-content\/uploads\/2018\/01\/Fraise-droite.jpg\" alt=\"\" width=\"680\" height=\"510\" srcset=\"https:\/\/latelierdemat.com\/wp-content\/uploads\/2018\/01\/Fraise-droite.jpg 680w, https:\/\/latelierdemat.com\/wp-content\/uploads\/2018\/01\/Fraise-droite-400x300.jpg 400w, https:\/\/latelierdemat.com\/wp-content\/uploads\/2018\/01\/Fraise-droite-200x150.jpg 200w, https:\/\/latelierdemat.com\/wp-content\/uploads\/2018\/01\/Fraise-droite-560x420.jpg 560w\" sizes=\"(max-width: 680px) 100vw, 680px\" \/><\/a><\/p>\n<p>Un petit point de colle dans chaque rainure et il ne reste plus qu&rsquo;\u00e0 glisser l&rsquo;\u00e9tag\u00e8re dedans pour la redresser.<\/p>\n<p><a href=\"http:\/\/latelierdemat.com\/wp-content\/uploads\/2018\/01\/Rainure-a-la-fraise-droite.jpg\"><img loading=\"lazy\" class=\"aligncenter size-full wp-image-3721\" src=\"http:\/\/latelierdemat.com\/wp-content\/uploads\/2018\/01\/Rainure-a-la-fraise-droite.jpg\" alt=\"\" width=\"680\" height=\"510\" srcset=\"https:\/\/latelierdemat.com\/wp-content\/uploads\/2018\/01\/Rainure-a-la-fraise-droite.jpg 680w, https:\/\/latelierdemat.com\/wp-content\/uploads\/2018\/01\/Rainure-a-la-fraise-droite-400x300.jpg 400w, https:\/\/latelierdemat.com\/wp-content\/uploads\/2018\/01\/Rainure-a-la-fraise-droite-200x150.jpg 200w, https:\/\/latelierdemat.com\/wp-content\/uploads\/2018\/01\/Rainure-a-la-fraise-droite-560x420.jpg 560w\" sizes=\"(max-width: 680px) 100vw, 680px\" \/><\/a><\/p>\n<p>Le r\u00e9sultat est plut\u00f4t satisfaisant car non seulement cela consolide les \u00e9tag\u00e8res, mais cela donne aussi un petit look un peu plus sympa que des bouts de planches tout fins (je vous laisse jeter un coup d&rsquo;\u0153il \u00e0 la premi\u00e8re photo de l&rsquo;article)<\/p>\n<p><a href=\"http:\/\/latelierdemat.com\/wp-content\/uploads\/2018\/01\/Parement-des-etageres.jpg\"><img loading=\"lazy\" class=\"aligncenter size-full wp-image-3722\" src=\"http:\/\/latelierdemat.com\/wp-content\/uploads\/2018\/01\/Parement-des-etageres.jpg\" alt=\"\" width=\"680\" height=\"907\" srcset=\"https:\/\/latelierdemat.com\/wp-content\/uploads\/2018\/01\/Parement-des-etageres.jpg 680w, https:\/\/latelierdemat.com\/wp-content\/uploads\/2018\/01\/Parement-des-etageres-400x534.jpg 400w, https:\/\/latelierdemat.com\/wp-content\/uploads\/2018\/01\/Parement-des-etageres-150x200.jpg 150w, https:\/\/latelierdemat.com\/wp-content\/uploads\/2018\/01\/Parement-des-etageres-560x747.jpg 560w\" sizes=\"(max-width: 680px) 100vw, 680px\" \/><\/a><\/p>\n<p>En principe l&rsquo;\u00e9tape de peinture est ma pr\u00e9f\u00e9r\u00e9e car c&rsquo;est l\u00e0 qu&rsquo;on commence \u00e0 se rendre compte du r\u00e9sultat mais pas dans le cas de ce meuble. Avec le temps tr\u00e8s venteux et pluvieux qui a r\u00e9gn\u00e9 sans partage pendant les vacances de fin d&rsquo;ann\u00e9e, j&rsquo;ai d\u00fb improviser. Et le contre effet de peindre au pistolet est que cela en met partout. Avec quelques b\u00e2ches, j&rsquo;ai donc mont\u00e9 un mini stand dans mon atelier pour le prot\u00e9ger des projections de peinture in\u00e9vitables.<\/p>\n<p><a href=\"http:\/\/latelierdemat.com\/wp-content\/uploads\/2018\/01\/Classeur-avant-peinture.jpg\"><img loading=\"lazy\" class=\"aligncenter size-full wp-image-3723\" src=\"http:\/\/latelierdemat.com\/wp-content\/uploads\/2018\/01\/Classeur-avant-peinture.jpg\" alt=\"\" width=\"680\" height=\"907\" srcset=\"https:\/\/latelierdemat.com\/wp-content\/uploads\/2018\/01\/Classeur-avant-peinture.jpg 680w, https:\/\/latelierdemat.com\/wp-content\/uploads\/2018\/01\/Classeur-avant-peinture-400x534.jpg 400w, https:\/\/latelierdemat.com\/wp-content\/uploads\/2018\/01\/Classeur-avant-peinture-150x200.jpg 150w, https:\/\/latelierdemat.com\/wp-content\/uploads\/2018\/01\/Classeur-avant-peinture-560x747.jpg 560w\" sizes=\"(max-width: 680px) 100vw, 680px\" \/><\/a><\/p>\n<p>Pour la finition du plateau j&rsquo;ai utilis\u00e9 une huile couleur \u00ab\u00a0miel\u00a0\u00bb que l&rsquo;on trouve en grande surface de bricolage. Plusieurs de mes meubles ayant cette finition, cela permet d&rsquo;int\u00e9grer plus facilement le classeur et sa grande taille dans la maison.<\/p>\n<p><img loading=\"lazy\" class=\"aligncenter size-full wp-image-3724\" src=\"http:\/\/latelierdemat.com\/wp-content\/uploads\/2018\/01\/D\u00e9tails-plateau-classeur.jpg\" alt=\"\" width=\"680\" height=\"510\" srcset=\"https:\/\/latelierdemat.com\/wp-content\/uploads\/2018\/01\/D\u00e9tails-plateau-classeur.jpg 680w, https:\/\/latelierdemat.com\/wp-content\/uploads\/2018\/01\/D\u00e9tails-plateau-classeur-400x300.jpg 400w, https:\/\/latelierdemat.com\/wp-content\/uploads\/2018\/01\/D\u00e9tails-plateau-classeur-200x150.jpg 200w, https:\/\/latelierdemat.com\/wp-content\/uploads\/2018\/01\/D\u00e9tails-plateau-classeur-560x420.jpg 560w\" sizes=\"(max-width: 680px) 100vw, 680px\" \/><br \/>\nEt bien entendu j&rsquo;ai peint le corps du classeur en blanc. Avec mes trois marmots et mes trois chiens, avoir des meubles qui peuvent \u00eatre nettoy\u00e9s facilement n&rsquo;est pas un luxe ;).<\/p>\n<p><a href=\"http:\/\/latelierdemat.com\/wp-content\/uploads\/2018\/01\/Plateau-teint-.jpg\"><img loading=\"lazy\" class=\"aligncenter size-full wp-image-3731\" src=\"http:\/\/latelierdemat.com\/wp-content\/uploads\/2018\/01\/Plateau-teint-.jpg\" alt=\"\" width=\"680\" height=\"907\" srcset=\"https:\/\/latelierdemat.com\/wp-content\/uploads\/2018\/01\/Plateau-teint-.jpg 680w, https:\/\/latelierdemat.com\/wp-content\/uploads\/2018\/01\/Plateau-teint--400x534.jpg 400w, https:\/\/latelierdemat.com\/wp-content\/uploads\/2018\/01\/Plateau-teint--150x200.jpg 150w, https:\/\/latelierdemat.com\/wp-content\/uploads\/2018\/01\/Plateau-teint--560x747.jpg 560w\" sizes=\"(max-width: 680px) 100vw, 680px\" \/><\/a><\/p>\n<p>Oups! A priori j&rsquo;ai du faire cette photo juste avant de remettre en place le cache du trou de la serrure \ud83d\ude09 J&rsquo;ai prot\u00e9g\u00e9 la peinture du classeur en appliquant une couche de vernis incolore. J&rsquo;avais peur au d\u00e9but que la peinture \u00ab\u00a0casse\u00a0\u00bb sur le volet roulant mais elle tient parfaitement et j&rsquo;ai bien ouvert et ferm\u00e9 une cinquantaine de fois le classeur pour tester celle ci !<\/p>\n<p><img loading=\"lazy\" class=\"aligncenter size-full wp-image-3725\" src=\"http:\/\/latelierdemat.com\/wp-content\/uploads\/2018\/01\/Classeur-en-m\u00e9lamin\u00e9-repeint-et-customis\u00e9.jpg\" alt=\"\" width=\"680\" height=\"950\" srcset=\"https:\/\/latelierdemat.com\/wp-content\/uploads\/2018\/01\/Classeur-en-m\u00e9lamin\u00e9-repeint-et-customis\u00e9.jpg 680w, https:\/\/latelierdemat.com\/wp-content\/uploads\/2018\/01\/Classeur-en-m\u00e9lamin\u00e9-repeint-et-customis\u00e9-400x559.jpg 400w, https:\/\/latelierdemat.com\/wp-content\/uploads\/2018\/01\/Classeur-en-m\u00e9lamin\u00e9-repeint-et-customis\u00e9-143x200.jpg 143w, https:\/\/latelierdemat.com\/wp-content\/uploads\/2018\/01\/Classeur-en-m\u00e9lamin\u00e9-repeint-et-customis\u00e9-560x782.jpg 560w\" sizes=\"(max-width: 680px) 100vw, 680px\" \/><br \/>\nLes seuls endroits o\u00f9 la peinture a l\u00e9g\u00e8rement craqu\u00e9 sont les c\u00f4t\u00e9s de la porte ou celle-ci coulisse dans la rainure. Ce n&rsquo;est pas inqui\u00e9tant et cela me parait m\u00eame normal vu que c&rsquo;est une pi\u00e8ce mobile.<\/p>\n<p><img loading=\"lazy\" class=\"aligncenter size-full wp-image-3728\" src=\"http:\/\/latelierdemat.com\/wp-content\/uploads\/2018\/01\/Classeur-en-m\u00e9lamin\u00e9-repeint.jpg\" alt=\"\" width=\"680\" height=\"510\" srcset=\"https:\/\/latelierdemat.com\/wp-content\/uploads\/2018\/01\/Classeur-en-m\u00e9lamin\u00e9-repeint.jpg 680w, https:\/\/latelierdemat.com\/wp-content\/uploads\/2018\/01\/Classeur-en-m\u00e9lamin\u00e9-repeint-400x300.jpg 400w, https:\/\/latelierdemat.com\/wp-content\/uploads\/2018\/01\/Classeur-en-m\u00e9lamin\u00e9-repeint-200x150.jpg 200w, https:\/\/latelierdemat.com\/wp-content\/uploads\/2018\/01\/Classeur-en-m\u00e9lamin\u00e9-repeint-560x420.jpg 560w\" sizes=\"(max-width: 680px) 100vw, 680px\" \/><\/p>\n<p>L&rsquo;int\u00e9rieur du classeur \u00e9tant tr\u00e8s propre et en bon \u00e9tat, j&rsquo;ai choisi de ne pas le peindre. De plus comme il sera peu visible une\u00a0fois pleins de papiers et qu&rsquo;il sera tout le temps ferm\u00e9, je me suis \u00e9pargn\u00e9 cette \u00e9tape.<\/p>\n<p><a href=\"http:\/\/latelierdemat.com\/wp-content\/uploads\/2018\/01\/Vue-interieure-du-classeur-repeint.jpg\"><img loading=\"lazy\" class=\"aligncenter size-full wp-image-3726\" src=\"http:\/\/latelierdemat.com\/wp-content\/uploads\/2018\/01\/Vue-interieure-du-classeur-repeint.jpg\" alt=\"\" width=\"680\" height=\"559\" srcset=\"https:\/\/latelierdemat.com\/wp-content\/uploads\/2018\/01\/Vue-interieure-du-classeur-repeint.jpg 680w, https:\/\/latelierdemat.com\/wp-content\/uploads\/2018\/01\/Vue-interieure-du-classeur-repeint-400x329.jpg 400w, https:\/\/latelierdemat.com\/wp-content\/uploads\/2018\/01\/Vue-interieure-du-classeur-repeint-200x164.jpg 200w, https:\/\/latelierdemat.com\/wp-content\/uploads\/2018\/01\/Vue-interieure-du-classeur-repeint-560x460.jpg 560w\" sizes=\"(max-width: 680px) 100vw, 680px\" \/><\/a><\/p>\n<p>Quel bonheur de pouvoir disposer de l&rsquo;espace \u00e9norme de stockage de ce classeur sans avoir \u00e0 subir son ancien design tout moche ni cette horrible couleur marron. Ma petite femme a bien eu raison (ne lui dites pas trop hein ;)) de me pousser \u00e0 le relooker car on n&rsquo;a jamais assez de stockage dans une maison et en plus le classeur ne traine plus dans l&rsquo;atelier o\u00f9 il me g\u00eanait de plus en plus !<\/p>\n<p><a href=\"http:\/\/latelierdemat.com\/wp-content\/uploads\/2018\/01\/Cot\u00e9-classeur-m\u00e9lamin\u00e9-repeint.jpg\"><img loading=\"lazy\" class=\"aligncenter size-full wp-image-3727\" src=\"http:\/\/latelierdemat.com\/wp-content\/uploads\/2018\/01\/Cot\u00e9-classeur-m\u00e9lamin\u00e9-repeint.jpg\" alt=\"\" width=\"680\" height=\"907\" srcset=\"https:\/\/latelierdemat.com\/wp-content\/uploads\/2018\/01\/Cot\u00e9-classeur-m\u00e9lamin\u00e9-repeint.jpg 680w, https:\/\/latelierdemat.com\/wp-content\/uploads\/2018\/01\/Cot\u00e9-classeur-m\u00e9lamin\u00e9-repeint-400x534.jpg 400w, https:\/\/latelierdemat.com\/wp-content\/uploads\/2018\/01\/Cot\u00e9-classeur-m\u00e9lamin\u00e9-repeint-150x200.jpg 150w, https:\/\/latelierdemat.com\/wp-content\/uploads\/2018\/01\/Cot\u00e9-classeur-m\u00e9lamin\u00e9-repeint-560x747.jpg 560w\" sizes=\"(max-width: 680px) 100vw, 680px\" \/><\/a><\/p>\n<p>Pour l&rsquo;instant ce grand classeur d\u00e9note encore un peu avec sa grande taille dans mon salon mais cela devrait bient\u00f4t ne plus \u00eatre le cas. Il devrait tr\u00e8s prochainement, avant la fin du mois je l&rsquo;esp\u00e8re, \u00eatre rejoint par un piano que je suis en train de transformer en bureau. C&rsquo;est un projet sympa qui m&rsquo;a demand\u00e9 vraiment beaucoup de travail et qui devrait bien le faire une fois que j&rsquo;aurai pu le finir. Alors restez attentifs\u00a0 cela ne devrait pas tarder ;).<\/p>\n<p>La bise<\/p>\n<p>Mat<\/p>\n<p><img loading=\"lazy\" class=\"aligncenter wp-image-3740\" src=\"http:\/\/latelierdemat.com\/wp-content\/uploads\/2018\/01\/Relooker-un-meuble-en-m\u00e9lamin\u00e9.png\" alt=\"\" width=\"680\" height=\"1115\" srcset=\"https:\/\/latelierdemat.com\/wp-content\/uploads\/2018\/01\/Relooker-un-meuble-en-m\u00e9lamin\u00e9.png 732w, https:\/\/latelierdemat.com\/wp-content\/uploads\/2018\/01\/Relooker-un-meuble-en-m\u00e9lamin\u00e9-400x656.png 400w, https:\/\/latelierdemat.com\/wp-content\/uploads\/2018\/01\/Relooker-un-meuble-en-m\u00e9lamin\u00e9-122x200.png 122w, https:\/\/latelierdemat.com\/wp-content\/uploads\/2018\/01\/Relooker-un-meuble-en-m\u00e9lamin\u00e9-625x1024.png 625w, https:\/\/latelierdemat.com\/wp-content\/uploads\/2018\/01\/Relooker-un-meuble-en-m\u00e9lamin\u00e9-560x918.png 560w\" sizes=\"(max-width: 680px) 100vw, 680px\" \/><\/p>\n","protected":false},"excerpt":{"rendered":"<p>Hey les amis ! Tout d&rsquo;abord, je vous pr\u00e9sente mes meilleurs v\u0153ux pour cette nouvelle ann\u00e9e qui commence en vous souhaitant plein de bonnes choses et de la r\u00e9ussite dans vos projets. De mon c\u00f4t\u00e9, j&rsquo;ai profit\u00e9 d&rsquo;\u00eatre en vacances en cette fin d&rsquo;ann\u00e9e pour me pencher sur le cas de ce vieux classeur en <a class=\"moretag\" href=\"https:\/\/latelierdemat.com\/?p=3701\"> Lire la suite&#8230;<\/a><\/p>\n","protected":false},"author":3,"featured_media":3726,"comment_status":"open","ping_status":"open","sticky":false,"template":"","format":"standard","meta":{"_mi_skip_tracking":false,"_monsterinsights_sitenote_active":false,"_monsterinsights_sitenote_note":"","_monsterinsights_sitenote_category":0,"spay_email":""},"categories":[10,20],"tags":[],"yoast_head":"<!-- This site is optimized with the Yoast SEO plugin v18.3 - https:\/\/yoast.com\/wordpress\/plugins\/seo\/ -->\n<title>Restyler un classeur en m\u00e9lamin\u00e9\/stratifi\u00e9 - L&#039;atelier de Mat<\/title>\n<meta name=\"description\" content=\"Les \u00e9tapes pas \u00e0 pas pour modifier, customiser et relooker un vieux meuble en stratifi\u00e9 ou m\u00e9lamin\u00e9. Seule une sous couche sp\u00e9ciale est n\u00e9cessaire et apr\u00e8s vous pouvez vous laisser guider par vos id\u00e9es pour le peindre comme ici pour ce classeur.\" \/>\n<meta name=\"robots\" content=\"index, follow, max-snippet:-1, max-image-preview:large, max-video-preview:-1\" \/>\n<link rel=\"canonical\" href=\"https:\/\/latelierdemat.com\/?p=3701\" \/>\n<meta property=\"og:locale\" content=\"fr_FR\" \/>\n<meta property=\"og:type\" content=\"article\" \/>\n<meta property=\"og:title\" content=\"Restyler un classeur en m\u00e9lamin\u00e9\/stratifi\u00e9 - L&#039;atelier de Mat\" \/>\n<meta property=\"og:description\" content=\"Les \u00e9tapes pas \u00e0 pas pour modifier, customiser et relooker un vieux meuble en stratifi\u00e9 ou m\u00e9lamin\u00e9. Seule une sous couche sp\u00e9ciale est n\u00e9cessaire et apr\u00e8s vous pouvez vous laisser guider par vos id\u00e9es pour le peindre comme ici pour ce classeur.\" \/>\n<meta property=\"og:url\" content=\"https:\/\/latelierdemat.com\/?p=3701\" \/>\n<meta property=\"og:site_name\" content=\"L&#039;atelier de Mat\" \/>\n<meta property=\"article:publisher\" content=\"http:\/\/facebook.com\/latelierdemat\" \/>\n<meta property=\"article:published_time\" content=\"2018-01-08T08:48:34+00:00\" \/>\n<meta property=\"article:modified_time\" content=\"2018-02-08T14:45:40+00:00\" \/>\n<meta property=\"og:image\" content=\"https:\/\/latelierdemat.com\/wp-content\/uploads\/2018\/01\/Vue-interieure-du-classeur-repeint.jpg\" \/>\n\t<meta property=\"og:image:width\" content=\"680\" \/>\n\t<meta property=\"og:image:height\" content=\"559\" \/>\n\t<meta property=\"og:image:type\" content=\"image\/jpeg\" \/>\n<meta name=\"twitter:card\" content=\"summary\" \/>\n<meta name=\"twitter:creator\" content=\"@latelierdemat\" \/>\n<meta name=\"twitter:site\" content=\"@latelierdemat\" \/>\n<meta name=\"twitter:label1\" content=\"\u00c9crit par\" \/>\n\t<meta name=\"twitter:data1\" content=\"Mat\" \/>\n\t<meta name=\"twitter:label2\" content=\"Dur\u00e9e de lecture estim\u00e9e\" \/>\n\t<meta name=\"twitter:data2\" content=\"9 minutes\" \/>\n<script type=\"application\/ld+json\" class=\"yoast-schema-graph\">{\"@context\":\"https:\/\/schema.org\",\"@graph\":[{\"@type\":\"WebSite\",\"@id\":\"https:\/\/latelierdemat.com\/#website\",\"url\":\"https:\/\/latelierdemat.com\/\",\"name\":\"L&#039;atelier de Mat\",\"description\":\"#r\u00e9cup\u00e9rer #restaurer #r\u00e9inventer\",\"potentialAction\":[{\"@type\":\"SearchAction\",\"target\":{\"@type\":\"EntryPoint\",\"urlTemplate\":\"https:\/\/latelierdemat.com\/?s={search_term_string}\"},\"query-input\":\"required name=search_term_string\"}],\"inLanguage\":\"fr-FR\"},{\"@type\":\"ImageObject\",\"@id\":\"https:\/\/latelierdemat.com\/?p=3701#primaryimage\",\"inLanguage\":\"fr-FR\",\"url\":\"https:\/\/latelierdemat.com\/wp-content\/uploads\/2018\/01\/Vue-interieure-du-classeur-repeint.jpg\",\"contentUrl\":\"https:\/\/latelierdemat.com\/wp-content\/uploads\/2018\/01\/Vue-interieure-du-classeur-repeint.jpg\",\"width\":680,\"height\":559},{\"@type\":\"WebPage\",\"@id\":\"https:\/\/latelierdemat.com\/?p=3701#webpage\",\"url\":\"https:\/\/latelierdemat.com\/?p=3701\",\"name\":\"Restyler un classeur en m\u00e9lamin\u00e9\/stratifi\u00e9 - L&#039;atelier de Mat\",\"isPartOf\":{\"@id\":\"https:\/\/latelierdemat.com\/#website\"},\"primaryImageOfPage\":{\"@id\":\"https:\/\/latelierdemat.com\/?p=3701#primaryimage\"},\"datePublished\":\"2018-01-08T08:48:34+00:00\",\"dateModified\":\"2018-02-08T14:45:40+00:00\",\"author\":{\"@id\":\"https:\/\/latelierdemat.com\/#\/schema\/person\/8a5ae2a2c36adb8a62a1ad784fbcaf98\"},\"description\":\"Les \u00e9tapes pas \u00e0 pas pour modifier, customiser et relooker un vieux meuble en stratifi\u00e9 ou m\u00e9lamin\u00e9. Seule une sous couche sp\u00e9ciale est n\u00e9cessaire et apr\u00e8s vous pouvez vous laisser guider par vos id\u00e9es pour le peindre comme ici pour ce classeur.\",\"breadcrumb\":{\"@id\":\"https:\/\/latelierdemat.com\/?p=3701#breadcrumb\"},\"inLanguage\":\"fr-FR\",\"potentialAction\":[{\"@type\":\"ReadAction\",\"target\":[\"https:\/\/latelierdemat.com\/?p=3701\"]}]},{\"@type\":\"BreadcrumbList\",\"@id\":\"https:\/\/latelierdemat.com\/?p=3701#breadcrumb\",\"itemListElement\":[{\"@type\":\"ListItem\",\"position\":1,\"name\":\"Accueil\",\"item\":\"https:\/\/latelierdemat.com\/\"},{\"@type\":\"ListItem\",\"position\":2,\"name\":\"Restyler un classeur en m\u00e9lamin\u00e9\/stratifi\u00e9\"}]},{\"@type\":\"Person\",\"@id\":\"https:\/\/latelierdemat.com\/#\/schema\/person\/8a5ae2a2c36adb8a62a1ad784fbcaf98\",\"name\":\"Mat\",\"image\":{\"@type\":\"ImageObject\",\"@id\":\"https:\/\/latelierdemat.com\/#personlogo\",\"inLanguage\":\"fr-FR\",\"url\":\"https:\/\/secure.gravatar.com\/avatar\/514074b8b21591ae84355f7c1eddab3c?s=96&d=mm&r=g\",\"contentUrl\":\"https:\/\/secure.gravatar.com\/avatar\/514074b8b21591ae84355f7c1eddab3c?s=96&d=mm&r=g\",\"caption\":\"Mat\"}}]}<\/script>\n<!-- \/ Yoast SEO plugin. -->","yoast_head_json":{"title":"Restyler un classeur en m\u00e9lamin\u00e9\/stratifi\u00e9 - L&#039;atelier de Mat","description":"Les \u00e9tapes pas \u00e0 pas pour modifier, customiser et relooker un vieux meuble en stratifi\u00e9 ou m\u00e9lamin\u00e9. Seule une sous couche sp\u00e9ciale est n\u00e9cessaire et apr\u00e8s vous pouvez vous laisser guider par vos id\u00e9es pour le peindre comme ici pour ce classeur.","robots":{"index":"index","follow":"follow","max-snippet":"max-snippet:-1","max-image-preview":"max-image-preview:large","max-video-preview":"max-video-preview:-1"},"canonical":"https:\/\/latelierdemat.com\/?p=3701","og_locale":"fr_FR","og_type":"article","og_title":"Restyler un classeur en m\u00e9lamin\u00e9\/stratifi\u00e9 - L&#039;atelier de Mat","og_description":"Les \u00e9tapes pas \u00e0 pas pour modifier, customiser et relooker un vieux meuble en stratifi\u00e9 ou m\u00e9lamin\u00e9. Seule une sous couche sp\u00e9ciale est n\u00e9cessaire et apr\u00e8s vous pouvez vous laisser guider par vos id\u00e9es pour le peindre comme ici pour ce classeur.","og_url":"https:\/\/latelierdemat.com\/?p=3701","og_site_name":"L&#039;atelier de Mat","article_publisher":"http:\/\/facebook.com\/latelierdemat","article_published_time":"2018-01-08T08:48:34+00:00","article_modified_time":"2018-02-08T14:45:40+00:00","og_image":[{"width":680,"height":559,"url":"https:\/\/latelierdemat.com\/wp-content\/uploads\/2018\/01\/Vue-interieure-du-classeur-repeint.jpg","type":"image\/jpeg"}],"twitter_card":"summary","twitter_creator":"@latelierdemat","twitter_site":"@latelierdemat","twitter_misc":{"\u00c9crit par":"Mat","Dur\u00e9e de lecture estim\u00e9e":"9 minutes"},"schema":{"@context":"https:\/\/schema.org","@graph":[{"@type":"WebSite","@id":"https:\/\/latelierdemat.com\/#website","url":"https:\/\/latelierdemat.com\/","name":"L&#039;atelier de Mat","description":"#r\u00e9cup\u00e9rer #restaurer #r\u00e9inventer","potentialAction":[{"@type":"SearchAction","target":{"@type":"EntryPoint","urlTemplate":"https:\/\/latelierdemat.com\/?s={search_term_string}"},"query-input":"required name=search_term_string"}],"inLanguage":"fr-FR"},{"@type":"ImageObject","@id":"https:\/\/latelierdemat.com\/?p=3701#primaryimage","inLanguage":"fr-FR","url":"https:\/\/latelierdemat.com\/wp-content\/uploads\/2018\/01\/Vue-interieure-du-classeur-repeint.jpg","contentUrl":"https:\/\/latelierdemat.com\/wp-content\/uploads\/2018\/01\/Vue-interieure-du-classeur-repeint.jpg","width":680,"height":559},{"@type":"WebPage","@id":"https:\/\/latelierdemat.com\/?p=3701#webpage","url":"https:\/\/latelierdemat.com\/?p=3701","name":"Restyler un classeur en m\u00e9lamin\u00e9\/stratifi\u00e9 - L&#039;atelier de Mat","isPartOf":{"@id":"https:\/\/latelierdemat.com\/#website"},"primaryImageOfPage":{"@id":"https:\/\/latelierdemat.com\/?p=3701#primaryimage"},"datePublished":"2018-01-08T08:48:34+00:00","dateModified":"2018-02-08T14:45:40+00:00","author":{"@id":"https:\/\/latelierdemat.com\/#\/schema\/person\/8a5ae2a2c36adb8a62a1ad784fbcaf98"},"description":"Les \u00e9tapes pas \u00e0 pas pour modifier, customiser et relooker un vieux meuble en stratifi\u00e9 ou m\u00e9lamin\u00e9. Seule une sous couche sp\u00e9ciale est n\u00e9cessaire et apr\u00e8s vous pouvez vous laisser guider par vos id\u00e9es pour le peindre comme ici pour ce classeur.","breadcrumb":{"@id":"https:\/\/latelierdemat.com\/?p=3701#breadcrumb"},"inLanguage":"fr-FR","potentialAction":[{"@type":"ReadAction","target":["https:\/\/latelierdemat.com\/?p=3701"]}]},{"@type":"BreadcrumbList","@id":"https:\/\/latelierdemat.com\/?p=3701#breadcrumb","itemListElement":[{"@type":"ListItem","position":1,"name":"Accueil","item":"https:\/\/latelierdemat.com\/"},{"@type":"ListItem","position":2,"name":"Restyler un classeur en m\u00e9lamin\u00e9\/stratifi\u00e9"}]},{"@type":"Person","@id":"https:\/\/latelierdemat.com\/#\/schema\/person\/8a5ae2a2c36adb8a62a1ad784fbcaf98","name":"Mat","image":{"@type":"ImageObject","@id":"https:\/\/latelierdemat.com\/#personlogo","inLanguage":"fr-FR","url":"https:\/\/secure.gravatar.com\/avatar\/514074b8b21591ae84355f7c1eddab3c?s=96&d=mm&r=g","contentUrl":"https:\/\/secure.gravatar.com\/avatar\/514074b8b21591ae84355f7c1eddab3c?s=96&d=mm&r=g","caption":"Mat"}}]}},"jetpack_featured_media_url":"https:\/\/latelierdemat.com\/wp-content\/uploads\/2018\/01\/Vue-interieure-du-classeur-repeint.jpg","jetpack-related-posts":[{"id":4516,"url":"https:\/\/latelierdemat.com\/?p=4516","url_meta":{"origin":3701,"position":0},"title":"Un chevet avec un motif en chevrons","date":"3 ao\u00fbt 2018","format":false,"excerpt":"Chose promise, chose due, je vous avais parl\u00e9 dans mon dernier article d'un petit chevet que j'avais r\u00e9cup\u00e9r\u00e9 en m\u00eame temps que la sellette, et bien le voici. Quand on m'a demand\u00e9 si cela m'int\u00e9ressait, et bien que je ne l'avais vu que bri\u00e8vement, je n'ai pu m\u2019emp\u00eacher de dire\u2026","rel":"","context":"Dans &quot;Restylage&quot;","img":{"alt_text":"","src":"https:\/\/i1.wp.com\/latelierdemat.com\/wp-content\/uploads\/2018\/08\/Chevet-en-m\u00e9lamin\u00e9-relook\u00e9-avec-un-motif-en-chevrons.png?resize=350%2C200&ssl=1","width":350,"height":200},"classes":[]},{"id":6626,"url":"https:\/\/latelierdemat.com\/?p=6626","url_meta":{"origin":3701,"position":1},"title":"Un meuble vasque avec un plateau en b\u00e9ton","date":"12 novembre 2021","format":false,"excerpt":"Avec le projet de construction de la maison \u00e0 venir, ma femme et moi avons d\u00e9j\u00e0 fait faire beaucoup de devis. Quand j'ai vu le prix estim\u00e9 pour les meubles de salle de bains, j'ai cru m'\u00e9vanouir ;) . Entre 400 et 600\u20ac pour un meuble en m\u00e9lamin\u00e9 alors que\u2026","rel":"","context":"Dans &quot;Meubles&quot;","img":{"alt_text":"","src":"https:\/\/i1.wp.com\/latelierdemat.com\/wp-content\/uploads\/2021\/11\/Meuble-vasque-dessus-beton.png?resize=350%2C200&ssl=1","width":350,"height":200},"classes":[]},{"id":3300,"url":"https:\/\/latelierdemat.com\/?p=3300","url_meta":{"origin":3701,"position":2},"title":"Un meuble de salle de bain \u00e0 petit budget","date":"20 septembre 2017","format":false,"excerpt":"Il y a quelques semaines de cela, un copain m'a contact\u00e9 pour me demander si j'avais un meuble pas trop gros qui pourrait aller dans une petite salle de bains. Son fils emm\u00e9nage bient\u00f4t dans un studio et il ne voulait pas investir dans un meuble neuf. C'est cher la\u2026","rel":"","context":"Dans &quot;Restylage&quot;","img":{"alt_text":"","src":"https:\/\/i0.wp.com\/latelierdemat.com\/wp-content\/uploads\/2017\/09\/Apercu-dun-meuble-salle-de-bain-a-petit-budget.jpg?resize=350%2C200&ssl=1","width":350,"height":200},"classes":[]},{"id":3757,"url":"https:\/\/latelierdemat.com\/?p=3757","url_meta":{"origin":3701,"position":3},"title":"Les r\u00e9cups Et\u00e9-Automne 2017","date":"17 janvier 2018","format":false,"excerpt":"Ce weekend j'ai fait\u00a0un petit peu de rangement dans mon \"stock\" de meubles et objets en attente de relooking. Il faut bien car il commence \u00e0 y en avoir un peu partout et j'essaye de faire en sorte que cela soit aussi \"discret\" que possible pour que ma petite femme\u2026","rel":"","context":"Dans &quot;R\u00e9cup\u00e9ration&quot;","img":{"alt_text":"","src":"https:\/\/i0.wp.com\/latelierdemat.com\/wp-content\/uploads\/2018\/01\/R\u00e9cups-Ete-Automne-2017.png?resize=350%2C200&ssl=1","width":350,"height":200},"classes":[]},{"id":576,"url":"https:\/\/latelierdemat.com\/?p=576","url_meta":{"origin":3701,"position":4},"title":"R\u00e9centes acquisitions","date":"29 avril 2016","format":false,"excerpt":"De temps en temps je traine sur \u00a0Leboncoin. Je ne recherche rien de pr\u00e9cis, j'aime juste voir ce qui se vend pr\u00e8s de chez moi, au cas o\u00f9... Et je ne sais pas si cela vous arrive mais parfois je\u00a0craque sur un objet dont je\u00a0n'ai absolument pas besoin \u00a0mais qu'il\u2026","rel":"","context":"Dans &quot;R\u00e9cup\u00e9ration&quot;","img":{"alt_text":"","src":"https:\/\/i1.wp.com\/latelierdemat.com\/wp-content\/uploads\/2016\/05\/trouvaille.jpg?resize=350%2C200&ssl=1","width":350,"height":200},"classes":[]},{"id":5531,"url":"https:\/\/latelierdemat.com\/?p=5531","url_meta":{"origin":3701,"position":5},"title":"Un petit coffre au relooking simple","date":"9 avril 2019","format":false,"excerpt":"Il y a quelques temps, j'ai d\u00e9couvert qu'il existait une \"recyclerie\" \u00e0 une vingtaine de kilom\u00e8tres de chez moi. Forc\u00e9ment j'ai not\u00e9 l'adresse et la semaine derni\u00e8re j'ai enfin eu l'occasion d'y faire un tour. Et quelle agr\u00e9able surprise en d\u00e9couvrant que l'endroit \u00e9tait plut\u00f4t fourni . Je sais d\u00e9j\u00e0\u2026","rel":"","context":"Dans &quot;Restylage&quot;","img":{"alt_text":"","src":"https:\/\/i0.wp.com\/latelierdemat.com\/wp-content\/uploads\/2019\/04\/Coffre-relooke-avec-des-etoiles-noires.png?resize=350%2C200&ssl=1","width":350,"height":200},"classes":[]}],"jetpack_likes_enabled":true,"_links":{"self":[{"href":"https:\/\/latelierdemat.com\/index.php?rest_route=\/wp\/v2\/posts\/3701"}],"collection":[{"href":"https:\/\/latelierdemat.com\/index.php?rest_route=\/wp\/v2\/posts"}],"about":[{"href":"https:\/\/latelierdemat.com\/index.php?rest_route=\/wp\/v2\/types\/post"}],"author":[{"embeddable":true,"href":"https:\/\/latelierdemat.com\/index.php?rest_route=\/wp\/v2\/users\/3"}],"replies":[{"embeddable":true,"href":"https:\/\/latelierdemat.com\/index.php?rest_route=%2Fwp%2Fv2%2Fcomments&post=3701"}],"version-history":[{"count":14,"href":"https:\/\/latelierdemat.com\/index.php?rest_route=\/wp\/v2\/posts\/3701\/revisions"}],"predecessor-version":[{"id":3908,"href":"https:\/\/latelierdemat.com\/index.php?rest_route=\/wp\/v2\/posts\/3701\/revisions\/3908"}],"wp:featuredmedia":[{"embeddable":true,"href":"https:\/\/latelierdemat.com\/index.php?rest_route=\/wp\/v2\/media\/3726"}],"wp:attachment":[{"href":"https:\/\/latelierdemat.com\/index.php?rest_route=%2Fwp%2Fv2%2Fmedia&parent=3701"}],"wp:term":[{"taxonomy":"category","embeddable":true,"href":"https:\/\/latelierdemat.com\/index.php?rest_route=%2Fwp%2Fv2%2Fcategories&post=3701"},{"taxonomy":"post_tag","embeddable":true,"href":"https:\/\/latelierdemat.com\/index.php?rest_route=%2Fwp%2Fv2%2Ftags&post=3701"}],"curies":[{"name":"wp","href":"https:\/\/api.w.org\/{rel}","templated":true}]}}