{"id":3788,"date":"2018-01-26T16:37:25","date_gmt":"2018-01-26T15:37:25","guid":{"rendered":"http:\/\/latelierdemat.com\/?p=3788"},"modified":"2021-03-04T07:59:55","modified_gmt":"2021-03-04T06:59:55","slug":"adapter-piano-bureau-partie-1","status":"publish","type":"post","link":"https:\/\/latelierdemat.com\/?p=3788","title":{"rendered":"Adapter un piano en bureau : Partie 1"},"content":{"rendered":"\n<p>Hello les amis. Depuis quelques semaines maintenant, je vous parle de la transformation d&rsquo;un piano que je suis en train d&rsquo;effectuer pour en faire un bureau pour ma petite femme .La premi\u00e8re fois que j&rsquo;ai mentionn\u00e9 ce piano, c&rsquo;\u00e9tait dans l&rsquo;article<strong> <a href=\"http:\/\/latelierdemat.com\/?p=1778\" target=\"_blank\" rel=\"noopener\">\u00ab\u00a0Les r\u00e9cups : Automne 2016\u00a0\u00bb<\/a>,<\/strong> autant dire que cela commence \u00e0 dater maintenant .<br>J&rsquo;y explique notamment que j&rsquo;ai pu le r\u00e9cup\u00e9rer gratuitement. Ce que je ne disais pas \u00e0 l&rsquo;\u00e9poque c&rsquo;est que la musique pour lui c&rsquo;\u00e9tait fini. D&rsquo;apr\u00e8s plusieurs sp\u00e9cialistes qui sont intervenus \u00e0 la demande de son ex propri\u00e9taire, il n&rsquo;\u00e9tait plus possible de l&rsquo;accorder et le clavier \u00e9tait \u00e0 refaire. Bref beaucoup de frais pour un r\u00e9sultat qui a priori n&rsquo;aurait pas \u00e9t\u00e9 terrible. C&rsquo;est pour cela que j&rsquo;ai pris la d\u00e9cision de le transformer car plus personne ne serait int\u00e9ress\u00e9 pour avoir chez lui un piano de 150kgs inutilisable.<\/p>\n\n\n\n<div class=\"wp-block-image\"><figure class=\"aligncenter\"><img loading=\"lazy\" width=\"680\" height=\"510\" src=\"http:\/\/latelierdemat.com\/wp-content\/uploads\/2016\/12\/REC-09.jpg\" alt=\"Vieux piano droit \" class=\"wp-image-1790\" srcset=\"https:\/\/latelierdemat.com\/wp-content\/uploads\/2016\/12\/REC-09.jpg 680w, https:\/\/latelierdemat.com\/wp-content\/uploads\/2016\/12\/REC-09-400x300.jpg 400w, https:\/\/latelierdemat.com\/wp-content\/uploads\/2016\/12\/REC-09-250x188.jpg 250w\" sizes=\"(max-width: 680px) 100vw, 680px\" \/><\/figure><\/div>\n\n\n\n<p>C&rsquo;est la premi\u00e8re fois que je d\u00e9monte un piano, donc j&rsquo;y suis all\u00e9 \u00e0 t\u00e2tons. Enlever les panneaux amovibles n&rsquo;a pas \u00e9t\u00e9 un souci mais j&rsquo;ai du trouv\u00e9 la technique pour \u00f4ter le capot du clavier et la partie fixe. Apr\u00e8s quelques minutes de recherche, j&rsquo;ai trouv\u00e9 la solution en tirant dessus avec un pied de biche. Le tout \u00e9tait simplement maintenu en place par une glissi\u00e8re.<\/p>\n\n\n\n<div class=\"wp-block-image\"><figure class=\"aligncenter\"><img loading=\"lazy\" width=\"680\" height=\"510\" src=\"http:\/\/latelierdemat.com\/wp-content\/uploads\/2018\/01\/D\u00e9montage-capot-du-panio.jpg\" alt=\"D\u00e9montage vieux piano droit \" class=\"wp-image-3791\" srcset=\"https:\/\/latelierdemat.com\/wp-content\/uploads\/2018\/01\/D\u00e9montage-capot-du-panio.jpg 680w, https:\/\/latelierdemat.com\/wp-content\/uploads\/2018\/01\/D\u00e9montage-capot-du-panio-400x300.jpg 400w, https:\/\/latelierdemat.com\/wp-content\/uploads\/2018\/01\/D\u00e9montage-capot-du-panio-200x150.jpg 200w, https:\/\/latelierdemat.com\/wp-content\/uploads\/2018\/01\/D\u00e9montage-capot-du-panio-560x420.jpg 560w\" sizes=\"(max-width: 680px) 100vw, 680px\" \/><\/figure><\/div>\n\n\n\n<p>Bon bah voila la b\u00eate qu&rsquo;il va falloir d\u00e9sosser! Certaines parties ont l&rsquo;air faciles a enlever mais d&rsquo;autres vont vraiment \u00eatre gal\u00e8re \u00e0 premi\u00e8re vue.<\/p>\n\n\n\n<div class=\"wp-block-image\"><figure class=\"aligncenter\"><img loading=\"lazy\" width=\"680\" height=\"510\" src=\"http:\/\/latelierdemat.com\/wp-content\/uploads\/2018\/01\/Piano-ouvert.jpg\" alt=\"Int\u00e9rieur vieux piano droit\" class=\"wp-image-3795\" srcset=\"https:\/\/latelierdemat.com\/wp-content\/uploads\/2018\/01\/Piano-ouvert.jpg 680w, https:\/\/latelierdemat.com\/wp-content\/uploads\/2018\/01\/Piano-ouvert-400x300.jpg 400w, https:\/\/latelierdemat.com\/wp-content\/uploads\/2018\/01\/Piano-ouvert-200x150.jpg 200w, https:\/\/latelierdemat.com\/wp-content\/uploads\/2018\/01\/Piano-ouvert-560x420.jpg 560w\" sizes=\"(max-width: 680px) 100vw, 680px\" \/><\/figure><\/div>\n\n\n\n<p>J&rsquo;ai donc pris l&rsquo;option d&rsquo;y aller pas \u00e0 pas et de d\u00e9monter tout ce qui me paraissait \u00ab\u00a0facile\u00a0\u00bb puis de trouver des solutions pour la suite.<br>Couper les cordes me paraissait une des \u00e9tapes plut\u00f4t simple donc arm\u00e9 d&rsquo;une pince coupante je me suis mis au boulot et j&rsquo;ai vite arr\u00eat\u00e9.<br>Les cordes \u00e9tant tr\u00e8s tendues, \u00e0 chaque coup de pince coupante je sentais la corde sectionn\u00e9e tentant de me couper la main m\u00eame a travers les gants.<\/p>\n\n\n\n<div class=\"wp-block-image\"><figure class=\"aligncenter\"><img loading=\"lazy\" width=\"680\" height=\"510\" src=\"http:\/\/latelierdemat.com\/wp-content\/uploads\/2018\/01\/Sectionnement-des-cordes.jpg\" alt=\"Cordes de piano coup\u00e9es\" class=\"wp-image-3792\" srcset=\"https:\/\/latelierdemat.com\/wp-content\/uploads\/2018\/01\/Sectionnement-des-cordes.jpg 680w, https:\/\/latelierdemat.com\/wp-content\/uploads\/2018\/01\/Sectionnement-des-cordes-400x300.jpg 400w, https:\/\/latelierdemat.com\/wp-content\/uploads\/2018\/01\/Sectionnement-des-cordes-200x150.jpg 200w, https:\/\/latelierdemat.com\/wp-content\/uploads\/2018\/01\/Sectionnement-des-cordes-560x420.jpg 560w\" sizes=\"(max-width: 680px) 100vw, 680px\" \/><\/figure><\/div>\n\n\n\n<p>OK, donc la solution de couper toutes les cordes rapidement \u00e0 la pince coupante n&rsquo;\u00e9tait plus d&rsquo;actualit\u00e9. J&rsquo;allais donc devoir les d\u00e9tendre avant !! Et pour se faire j&rsquo;ai du d\u00e9visser chaque vis de tension (les bidules en fer attach\u00e9s aux cordes) \u00e0 la main! Pour me faciliter la tache j&rsquo;ai en amont retir\u00e9 les touches et ce qu&rsquo;on appelle \u00ab\u00a0la m\u00e9canique\u00a0\u00bb. Et pour la petite histoire en enlevant le support de clavier, j&rsquo;ai pu apprendre la date de construction du piano: 1895. Quel honneur de travailler sur une pi\u00e8ce qui a du connaitre tant d&rsquo;\u00e9v\u00e9nements historiques !<\/p>\n\n\n\n<div class=\"wp-block-image\"><figure class=\"aligncenter\"><img loading=\"lazy\" width=\"680\" height=\"510\" src=\"http:\/\/latelierdemat.com\/wp-content\/uploads\/2018\/01\/Piano-sans-clavier-ni-marteau.jpg\" alt=\"D\u00e9montage vieux piano droit\" class=\"wp-image-3797\" srcset=\"https:\/\/latelierdemat.com\/wp-content\/uploads\/2018\/01\/Piano-sans-clavier-ni-marteau.jpg 680w, https:\/\/latelierdemat.com\/wp-content\/uploads\/2018\/01\/Piano-sans-clavier-ni-marteau-400x300.jpg 400w, https:\/\/latelierdemat.com\/wp-content\/uploads\/2018\/01\/Piano-sans-clavier-ni-marteau-200x150.jpg 200w, https:\/\/latelierdemat.com\/wp-content\/uploads\/2018\/01\/Piano-sans-clavier-ni-marteau-560x420.jpg 560w\" sizes=\"(max-width: 680px) 100vw, 680px\" \/><\/figure><\/div>\n\n\n\n<p>Donc j&rsquo;ai pris le temps ou \u00e7a m&rsquo;a pris du temps c&rsquo;est comme on veut, mais j&rsquo;ai du effectuer trois tours sur chaque vis pour d\u00e9tendre les cordes soit 660 tours de cl\u00e9 puisqu&rsquo;il y \u00e0 220 cordes en principe dans un piano.&nbsp;Bah oui a l&rsquo;\u00e9poque de la construction du piano, m\u00eame ces \u00ab\u00a0vis\u00a0\u00bb devaient \u00eatre faites \u00e0 la main donc aucune n&rsquo;ayant vraiment la m\u00eame taille, je n&rsquo;ai pas trouv\u00e9 une seule douille ou embout pouvant \u00eatre mont\u00e9 sur une visseuse.<\/p>\n\n\n\n<div class=\"wp-block-image\"><figure class=\"aligncenter\"><img loading=\"lazy\" width=\"680\" height=\"510\" src=\"http:\/\/latelierdemat.com\/wp-content\/uploads\/2018\/01\/Vue-g\u00e9n\u00e9rale-des-cordes.jpg\" alt=\"D\u00e9montage vieux piano droit\" class=\"wp-image-3798\" srcset=\"https:\/\/latelierdemat.com\/wp-content\/uploads\/2018\/01\/Vue-g\u00e9n\u00e9rale-des-cordes.jpg 680w, https:\/\/latelierdemat.com\/wp-content\/uploads\/2018\/01\/Vue-g\u00e9n\u00e9rale-des-cordes-400x300.jpg 400w, https:\/\/latelierdemat.com\/wp-content\/uploads\/2018\/01\/Vue-g\u00e9n\u00e9rale-des-cordes-200x150.jpg 200w, https:\/\/latelierdemat.com\/wp-content\/uploads\/2018\/01\/Vue-g\u00e9n\u00e9rale-des-cordes-560x420.jpg 560w\" sizes=\"(max-width: 680px) 100vw, 680px\" \/><\/figure><\/div>\n\n\n\n<p>Bon bah voila ca y est , ce piano ne jouera plus jamais de musique. Le clavier et son support sont partis, il n&rsquo;y a plus la m\u00e9canique, plus de cordes et j&rsquo;ai aussi retir\u00e9 la premi\u00e8re plaque du haut.On voit le nombre de vis \u00ab\u00a0immenses\u00a0\u00bb qu&rsquo;il a fallu d\u00e9faire d&rsquo;ailleurs pour y arriver<\/p>\n\n\n\n<div class=\"wp-block-image\"><figure class=\"aligncenter\"><img loading=\"lazy\" width=\"680\" height=\"510\" src=\"http:\/\/latelierdemat.com\/wp-content\/uploads\/2018\/01\/Piano-sans-cordes.jpg\" alt=\"D\u00e9montage vieux piano droit\" class=\"wp-image-3800\" srcset=\"https:\/\/latelierdemat.com\/wp-content\/uploads\/2018\/01\/Piano-sans-cordes.jpg 680w, https:\/\/latelierdemat.com\/wp-content\/uploads\/2018\/01\/Piano-sans-cordes-400x300.jpg 400w, https:\/\/latelierdemat.com\/wp-content\/uploads\/2018\/01\/Piano-sans-cordes-200x150.jpg 200w, https:\/\/latelierdemat.com\/wp-content\/uploads\/2018\/01\/Piano-sans-cordes-560x420.jpg 560w\" sizes=\"(max-width: 680px) 100vw, 680px\" \/><\/figure><\/div>\n\n\n\n<p>Je ne ment pas hein \ud83d\ude42 ! Regardez la taille qu&rsquo;elles font. Et l\u00e0, il n&rsquo;y en a que quelques unes encore.<\/p>\n\n\n\n<div class=\"wp-block-image\"><figure class=\"aligncenter\"><img loading=\"lazy\" width=\"680\" height=\"510\" src=\"http:\/\/latelierdemat.com\/wp-content\/uploads\/2018\/01\/Apercu-des-vis.jpg\" alt=\"Vis vieux piano droit\" class=\"wp-image-3804\" srcset=\"https:\/\/latelierdemat.com\/wp-content\/uploads\/2018\/01\/Apercu-des-vis.jpg 680w, https:\/\/latelierdemat.com\/wp-content\/uploads\/2018\/01\/Apercu-des-vis-400x300.jpg 400w, https:\/\/latelierdemat.com\/wp-content\/uploads\/2018\/01\/Apercu-des-vis-200x150.jpg 200w, https:\/\/latelierdemat.com\/wp-content\/uploads\/2018\/01\/Apercu-des-vis-560x420.jpg 560w\" sizes=\"(max-width: 680px) 100vw, 680px\" \/><\/figure><\/div>\n\n\n\n<p>Mais bien que ces vis soient longues ( plus de 15 cm) ce n&rsquo;est pas celles ci qui ont \u00e9t\u00e9 les plus gal\u00e8res . Les rebelles ont \u00e9t\u00e9 celles qui ne pouvaient pas sortir car bloqu\u00e9es par une partie fixe du piano. J&rsquo;ai mis un sacr\u00e9 bout de temps \u00e0 les d\u00e9faire et pour les retirer en entier pas d&rsquo;autre choix que de les couper \u00e0 la scie sabre( on voit la lame sur la photo).J&rsquo;en coupais un bout puis a l&rsquo;aide d&rsquo;une pi\u00e8ce je continuais de sortir la vis puis je recoupais de nouveau et ce jusqu&rsquo;\u00e0 pouvoir sortir la vis en entier.<\/p>\n\n\n\n<div class=\"wp-block-image\"><figure class=\"aligncenter\"><img loading=\"lazy\" width=\"680\" height=\"510\" src=\"http:\/\/latelierdemat.com\/wp-content\/uploads\/2018\/01\/Vis-de-la-plaque.jpg\" alt=\"Plaque tension piano droit\" class=\"wp-image-3801\" srcset=\"https:\/\/latelierdemat.com\/wp-content\/uploads\/2018\/01\/Vis-de-la-plaque.jpg 680w, https:\/\/latelierdemat.com\/wp-content\/uploads\/2018\/01\/Vis-de-la-plaque-400x300.jpg 400w, https:\/\/latelierdemat.com\/wp-content\/uploads\/2018\/01\/Vis-de-la-plaque-200x150.jpg 200w, https:\/\/latelierdemat.com\/wp-content\/uploads\/2018\/01\/Vis-de-la-plaque-560x420.jpg 560w\" sizes=\"(max-width: 680px) 100vw, 680px\" \/><\/figure><\/div>\n\n\n\n<p>La plaque ne bougeant toujours pas d&rsquo;un pouce une fois toutes les vis enlev\u00e9es , je me suis dit qu&rsquo;il devait y avoir une ruse quelconque. Effectivement , en mettant le piano sur le dos, j&rsquo;ai eu la joie ( c&rsquo;est sarcastique bien sur ;)) de d\u00e9couvrir que la plaque \u00e9tait aussi viss\u00e9e par le dessous. Bon bah comme j&rsquo;en \u00e9tais plus \u00e0 une dizaine de vis pr\u00eat, j&rsquo;ai d\u00e9viss\u00e9 le tout non sans mal car les empreintes ( la forme dans la t\u00eate de la vis) \u00e9taient tr\u00e8s abim\u00e9es.<\/p>\n\n\n\n<div class=\"wp-block-image\"><figure class=\"aligncenter\"><img loading=\"lazy\" width=\"680\" height=\"510\" src=\"http:\/\/latelierdemat.com\/wp-content\/uploads\/2018\/01\/Fixation-plaque-.jpg\" alt=\"Dessous d'un vieux piano droit\" class=\"wp-image-3802\" srcset=\"https:\/\/latelierdemat.com\/wp-content\/uploads\/2018\/01\/Fixation-plaque-.jpg 680w, https:\/\/latelierdemat.com\/wp-content\/uploads\/2018\/01\/Fixation-plaque--400x300.jpg 400w, https:\/\/latelierdemat.com\/wp-content\/uploads\/2018\/01\/Fixation-plaque--200x150.jpg 200w, https:\/\/latelierdemat.com\/wp-content\/uploads\/2018\/01\/Fixation-plaque--560x420.jpg 560w\" sizes=\"(max-width: 680px) 100vw, 680px\" \/><\/figure><\/div>\n\n\n\n<p><br>Et m\u00eame ce genre de petite barre n&rsquo;a pas \u00e9t\u00e9 rapide \u00e0 enlever. Elle devait tenir en place par une vingtaine de petites vis pas facile \u00e0 d\u00e9faire. Mais le plus long a \u00e9t\u00e9 sans aucun doute d&rsquo;enlever les restants de cordes. J&rsquo;avais coup\u00e9 celles ci \u00e0 ras mais il restait la boucle de chaque corde dans les \u00ab\u00a0cl\u00e9s\u00a0\u00bb noires ci dessous. Arm\u00e9 de deux pinces, j&rsquo;ai du les d\u00e9faire une par une. Je pense avoir au moins consacr\u00e9 une heure enti\u00e8re \u00e0 cette seule et unique t\u00e2che !<\/p>\n\n\n\n<div class=\"wp-block-image\"><figure class=\"aligncenter\"><img loading=\"lazy\" width=\"680\" height=\"510\" src=\"http:\/\/latelierdemat.com\/wp-content\/uploads\/2018\/01\/D\u00e9montage-barre-des-cordes.jpg\" alt=\"D\u00e9montage d'un vieux piano droit\" class=\"wp-image-3803\" srcset=\"https:\/\/latelierdemat.com\/wp-content\/uploads\/2018\/01\/D\u00e9montage-barre-des-cordes.jpg 680w, https:\/\/latelierdemat.com\/wp-content\/uploads\/2018\/01\/D\u00e9montage-barre-des-cordes-400x300.jpg 400w, https:\/\/latelierdemat.com\/wp-content\/uploads\/2018\/01\/D\u00e9montage-barre-des-cordes-200x150.jpg 200w, https:\/\/latelierdemat.com\/wp-content\/uploads\/2018\/01\/D\u00e9montage-barre-des-cordes-560x420.jpg 560w\" sizes=\"(max-width: 680px) 100vw, 680px\" \/><\/figure><\/div>\n\n\n\n<p>Beaucoup de transformations de piano qu&rsquo;on peut voir sur le net, conservent ce qu&rsquo;on appelle le \u00ab\u00a0barrage\u00a0\u00bb, c&rsquo;est a dire l&rsquo;ensemble des poutres ci dessous qui constitue le ch\u00e2ssis. Pour mon projet de bureau, j&rsquo;ai besoin d&rsquo;avoir le maximum d&rsquo;espace pour que celui soit fonctionnel ce qui implique de faire de la place&#8230; Cela ne va pas \u00eatre facile car les poutres ont une section de 9 cm par 15 cm environ.<\/p>\n\n\n\n<div class=\"wp-block-image\"><figure class=\"aligncenter\"><img loading=\"lazy\" width=\"680\" height=\"510\" src=\"http:\/\/latelierdemat.com\/wp-content\/uploads\/2018\/01\/Ossature-du-piano.jpg\" alt=\"Int\u00e9rieur d'un vieux piano droit\" class=\"wp-image-3805\" srcset=\"https:\/\/latelierdemat.com\/wp-content\/uploads\/2018\/01\/Ossature-du-piano.jpg 680w, https:\/\/latelierdemat.com\/wp-content\/uploads\/2018\/01\/Ossature-du-piano-400x300.jpg 400w, https:\/\/latelierdemat.com\/wp-content\/uploads\/2018\/01\/Ossature-du-piano-200x150.jpg 200w, https:\/\/latelierdemat.com\/wp-content\/uploads\/2018\/01\/Ossature-du-piano-560x420.jpg 560w\" sizes=\"(max-width: 680px) 100vw, 680px\" \/><\/figure><\/div>\n\n\n\n<p>J&rsquo;ai cherch\u00e9 l&rsquo;outil id\u00e9al pour effectuer la d\u00e9coupe la plus \u00ab\u00a0propre\u00a0\u00bb possible et cela n&rsquo;a pas \u00e9t\u00e9 ais\u00e9. Une scie circulaire n&rsquo;offrait pas assez de profondeur de coupe et une scie manuelle ne passait pas. Et puis je me suis rappel\u00e9 qu&rsquo;un copain avait une scie sabre et tout de suite cela a semblait faire l&rsquo;affaire.<\/p>\n\n\n\n<div class=\"wp-block-image\"><figure class=\"aligncenter\"><img loading=\"lazy\" width=\"680\" height=\"510\" src=\"http:\/\/latelierdemat.com\/wp-content\/uploads\/2018\/01\/D\u00e9coupe-premiere-poutre-.jpg\" alt=\"D\u00e9coupage d'un vieux piano droit\" class=\"wp-image-3806\" srcset=\"https:\/\/latelierdemat.com\/wp-content\/uploads\/2018\/01\/D\u00e9coupe-premiere-poutre-.jpg 680w, https:\/\/latelierdemat.com\/wp-content\/uploads\/2018\/01\/D\u00e9coupe-premiere-poutre--400x300.jpg 400w, https:\/\/latelierdemat.com\/wp-content\/uploads\/2018\/01\/D\u00e9coupe-premiere-poutre--200x150.jpg 200w, https:\/\/latelierdemat.com\/wp-content\/uploads\/2018\/01\/D\u00e9coupe-premiere-poutre--560x420.jpg 560w\" sizes=\"(max-width: 680px) 100vw, 680px\" \/><\/figure><\/div>\n\n\n\n<p>Tout n&rsquo;a pas \u00e9t\u00e9 aussi facile que peut le laisser croire cette photo, car m\u00eame avec la scie sabre (on la voit en bas a droite) j&rsquo;ai du batailler. La section des poutres \u00e9tant importante, j&rsquo;ai du couper de chaque c\u00f4t\u00e9 de celles ci pour arriver \u00e0 un bon r\u00e9sultat. Et pour arriver \u00e0 couper le bas des poutres, j&rsquo;ai du d\u00e9couper le joli panneau vernis au fur et \u00e0 mesure. J&rsquo;aurai tellement aim\u00e9 pouvoir le d\u00e9monter proprement pour en faire quelque chose apr\u00e8s . Dommage. \ud83d\ude41<\/p>\n\n\n\n<div class=\"wp-block-image\"><figure class=\"aligncenter\"><img loading=\"lazy\" width=\"680\" height=\"510\" src=\"http:\/\/latelierdemat.com\/wp-content\/uploads\/2018\/01\/D\u00e9coupe-des-poutres-de-lossature.jpg\" alt=\"D\u00e9coupage d'un vieux piano droit\" class=\"wp-image-3807\" srcset=\"https:\/\/latelierdemat.com\/wp-content\/uploads\/2018\/01\/D\u00e9coupe-des-poutres-de-lossature.jpg 680w, https:\/\/latelierdemat.com\/wp-content\/uploads\/2018\/01\/D\u00e9coupe-des-poutres-de-lossature-400x300.jpg 400w, https:\/\/latelierdemat.com\/wp-content\/uploads\/2018\/01\/D\u00e9coupe-des-poutres-de-lossature-200x150.jpg 200w, https:\/\/latelierdemat.com\/wp-content\/uploads\/2018\/01\/D\u00e9coupe-des-poutres-de-lossature-560x420.jpg 560w\" sizes=\"(max-width: 680px) 100vw, 680px\" \/><\/figure><\/div>\n\n\n\n<p>Je crois bien que c&rsquo;est pour enlever les trois derni\u00e8res poutres que je me suis le plus gal\u00e9r\u00e9. Celles ci avaient leur base enfich\u00e9e dans la poutre verticale donc m\u00eame avec la scie sabre cela a \u00e9t\u00e9 long, tr\u00e8s long. A ce stade l\u00e0 de la transformation, je devais bien en \u00eatre a plus de 20 heures pass\u00e9es sur le projet !<\/p>\n\n\n\n<div class=\"wp-block-image\"><figure class=\"aligncenter\"><img loading=\"lazy\" width=\"680\" height=\"510\" src=\"http:\/\/latelierdemat.com\/wp-content\/uploads\/2018\/01\/Rabotage-poutre-basse.jpg\" alt=\"D\u00e9coupage d'un vieux piano droit\" class=\"wp-image-3809\" srcset=\"https:\/\/latelierdemat.com\/wp-content\/uploads\/2018\/01\/Rabotage-poutre-basse.jpg 680w, https:\/\/latelierdemat.com\/wp-content\/uploads\/2018\/01\/Rabotage-poutre-basse-400x300.jpg 400w, https:\/\/latelierdemat.com\/wp-content\/uploads\/2018\/01\/Rabotage-poutre-basse-200x150.jpg 200w, https:\/\/latelierdemat.com\/wp-content\/uploads\/2018\/01\/Rabotage-poutre-basse-560x420.jpg 560w\" sizes=\"(max-width: 680px) 100vw, 680px\" \/><\/figure><\/div>\n\n\n\n<p>Allez on ne faibli pas et il est temps d&rsquo;attaquer la poutre centrale qui, sauf erreur de ma part, s&rsquo;appelle dans le lexique du piano, le sommier. C&rsquo;est une pi\u00e8ce de bois assembl\u00e9e qui supporte la totalit\u00e9 de la charge de tensions des cordes \u00e0 savoir entre 15 et 20 tonnes !!!&nbsp;<script type=\"text\/javascript\" src=\"https:\/\/app.mailerlite.com\/data\/webforms\/271653\/b7n7j5.js?v24\"><\/script><br>Autrement dire que c&rsquo;est vraiment du costaud. Pour la d\u00e9biter je devais donc effectuer une coupe sur la longueur pour conserver une planche mais moins \u00e9paisse et aussi sur la largeur. J&rsquo;ai donc na\u00efvement coup\u00e9 un premier coup avec a scie circulaire mais je n&rsquo;atteignais que 6 cm de profondeur sur 20 !!<\/p>\n\n\n\n<div class=\"wp-block-image\"><figure class=\"aligncenter\"><img loading=\"lazy\" width=\"680\" height=\"907\" src=\"http:\/\/latelierdemat.com\/wp-content\/uploads\/2018\/01\/D\u00e9coupe-poutre-principale.jpg\" alt=\"D\u00e9coupage d'un vieux piano droit\" class=\"wp-image-3810\" srcset=\"https:\/\/latelierdemat.com\/wp-content\/uploads\/2018\/01\/D\u00e9coupe-poutre-principale.jpg 680w, https:\/\/latelierdemat.com\/wp-content\/uploads\/2018\/01\/D\u00e9coupe-poutre-principale-400x534.jpg 400w, https:\/\/latelierdemat.com\/wp-content\/uploads\/2018\/01\/D\u00e9coupe-poutre-principale-150x200.jpg 150w, https:\/\/latelierdemat.com\/wp-content\/uploads\/2018\/01\/D\u00e9coupe-poutre-principale-560x747.jpg 560w\" sizes=\"(max-width: 680px) 100vw, 680px\" \/><\/figure><\/div>\n\n\n\n<p>La scie circulaire ce n&rsquo;\u00e9tait pas le bon outil et la scie sabre n&rsquo;\u00e9tait pas du tout assez puissante pour cette tache. Alors j&rsquo;ai du sortir la machinerie lourde: la tron\u00e7onneuse !<br>J&rsquo;ai du emprunter celle ci et la remettre en service avant de pouvoir \u00ab\u00a0trancher\u00a0\u00bb dans le vif du probl\u00e8me.<\/p>\n\n\n\n<div class=\"wp-block-image\"><figure class=\"aligncenter\"><img loading=\"lazy\" width=\"680\" height=\"907\" src=\"http:\/\/latelierdemat.com\/wp-content\/uploads\/2018\/01\/Piano-et-tronconneuse.jpg\" alt=\"Piano et tronconneuse\" class=\"wp-image-3811\" srcset=\"https:\/\/latelierdemat.com\/wp-content\/uploads\/2018\/01\/Piano-et-tronconneuse.jpg 680w, https:\/\/latelierdemat.com\/wp-content\/uploads\/2018\/01\/Piano-et-tronconneuse-400x534.jpg 400w, https:\/\/latelierdemat.com\/wp-content\/uploads\/2018\/01\/Piano-et-tronconneuse-150x200.jpg 150w, https:\/\/latelierdemat.com\/wp-content\/uploads\/2018\/01\/Piano-et-tronconneuse-560x747.jpg 560w\" sizes=\"(max-width: 680px) 100vw, 680px\" \/><\/figure><\/div>\n\n\n\n<p>Le r\u00e9sultat n&rsquo;est pas aussi propre que je le souhaitais mais on ne pourra pas dire que je n&rsquo;ai pas donn\u00e9 de ma personne pour y arriver \ud83d\ude09<\/p>\n\n\n\n<div class=\"wp-block-image\"><figure class=\"aligncenter\"><img loading=\"lazy\" width=\"680\" height=\"907\" src=\"http:\/\/latelierdemat.com\/wp-content\/uploads\/2018\/01\/Apercu-apres-tronconneuse.jpg\" alt=\"D\u00e9coupage piano a la tronconneuse\" class=\"wp-image-3812\" srcset=\"https:\/\/latelierdemat.com\/wp-content\/uploads\/2018\/01\/Apercu-apres-tronconneuse.jpg 680w, https:\/\/latelierdemat.com\/wp-content\/uploads\/2018\/01\/Apercu-apres-tronconneuse-400x534.jpg 400w, https:\/\/latelierdemat.com\/wp-content\/uploads\/2018\/01\/Apercu-apres-tronconneuse-150x200.jpg 150w, https:\/\/latelierdemat.com\/wp-content\/uploads\/2018\/01\/Apercu-apres-tronconneuse-560x747.jpg 560w\" sizes=\"(max-width: 680px) 100vw, 680px\" \/><\/figure><\/div>\n\n\n\n<p>A la vue de cette photo vous devez peut \u00eatre vous dire : \u00ab\u00a0Mais c&rsquo;est quoi ce massacre !\u00a0\u00bb. Pas d&rsquo;inqui\u00e9tude, je me suis dit la m\u00eame chose au moment de prendre la photo mais avec des termes moins gentils. En gros je me suis demand\u00e9 \u00e0 ce moment l\u00e0 si je n&rsquo;avais pas tout foir\u00e9 et d\u00e9truit un piano centenaire pour rien.<\/p>\n\n\n\n<div class=\"wp-block-image\"><figure class=\"aligncenter\"><img loading=\"lazy\" width=\"680\" height=\"599\" src=\"http:\/\/latelierdemat.com\/wp-content\/uploads\/2018\/01\/Piano-sans-ossature.jpg\" alt=\"D\u00e9coupage piano a la tronconneuse\" class=\"wp-image-3813\" srcset=\"https:\/\/latelierdemat.com\/wp-content\/uploads\/2018\/01\/Piano-sans-ossature.jpg 680w, https:\/\/latelierdemat.com\/wp-content\/uploads\/2018\/01\/Piano-sans-ossature-400x352.jpg 400w, https:\/\/latelierdemat.com\/wp-content\/uploads\/2018\/01\/Piano-sans-ossature-200x176.jpg 200w, https:\/\/latelierdemat.com\/wp-content\/uploads\/2018\/01\/Piano-sans-ossature-560x493.jpg 560w\" sizes=\"(max-width: 680px) 100vw, 680px\" \/><\/figure><\/div>\n\n\n\n<p>Avec l&rsquo;impossibilit\u00e9 d&rsquo;utiliser des outils permettant de faire des coupes tr\u00e8s pr\u00e9cises, pour ne pas la nommer, la tron\u00e7onneuse, je ne pouvais donc plus conserver les poutres existantes tel quel comme mat\u00e9riau final que j&rsquo;aurai juste peint. Dommage, c&rsquo;\u00e9tait le plan initial. La solution qu&rsquo;il me restait \u00e9tait donc d&rsquo;habiller les poutres. En grand accumulateur de chutes de bois, j&rsquo;ai mis la main sur ce contreplaqu\u00e9 qui semblait \u00eatre destin\u00e9 \u00e0 ce projet.<\/p>\n\n\n\n<div class=\"wp-block-image\"><figure class=\"aligncenter\"><img loading=\"lazy\" width=\"680\" height=\"907\" src=\"http:\/\/latelierdemat.com\/wp-content\/uploads\/2018\/01\/Chutes-de-contreplaqu\u00e9.jpg\" alt=\"Chutes de contreplaqu\u00e9\" class=\"wp-image-3815\" srcset=\"https:\/\/latelierdemat.com\/wp-content\/uploads\/2018\/01\/Chutes-de-contreplaqu\u00e9.jpg 680w, https:\/\/latelierdemat.com\/wp-content\/uploads\/2018\/01\/Chutes-de-contreplaqu\u00e9-400x534.jpg 400w, https:\/\/latelierdemat.com\/wp-content\/uploads\/2018\/01\/Chutes-de-contreplaqu\u00e9-150x200.jpg 150w, https:\/\/latelierdemat.com\/wp-content\/uploads\/2018\/01\/Chutes-de-contreplaqu\u00e9-560x747.jpg 560w\" sizes=\"(max-width: 680px) 100vw, 680px\" \/><\/figure><\/div>\n\n\n\n<p>Quelques coupes pour le mettre \u00e0 la bonne longueur et la bonne largeur et il ne me restait plus qu&rsquo;\u00e0 jouer du pistolet \u00e0 clouer pour assembler le tout.<\/p>\n\n\n\n<div class=\"wp-block-image\"><figure class=\"aligncenter\"><img loading=\"lazy\" width=\"680\" height=\"907\" src=\"http:\/\/latelierdemat.com\/wp-content\/uploads\/2018\/01\/Fixation-contreplaqu\u00e9.jpg\" alt=\"Chutes de contreplaqu\u00e9 fix\u00e9es au piano\" class=\"wp-image-3816\" srcset=\"https:\/\/latelierdemat.com\/wp-content\/uploads\/2018\/01\/Fixation-contreplaqu\u00e9.jpg 680w, https:\/\/latelierdemat.com\/wp-content\/uploads\/2018\/01\/Fixation-contreplaqu\u00e9-400x534.jpg 400w, https:\/\/latelierdemat.com\/wp-content\/uploads\/2018\/01\/Fixation-contreplaqu\u00e9-150x200.jpg 150w, https:\/\/latelierdemat.com\/wp-content\/uploads\/2018\/01\/Fixation-contreplaqu\u00e9-560x747.jpg 560w\" sizes=\"(max-width: 680px) 100vw, 680px\" \/><\/figure><\/div>\n\n\n\n<p>Avec une base plus propre, j&rsquo;ai pu m&rsquo;attaquer \u00e0 la construction du plateau. J&rsquo;avais mis cette planche de grande largeur r\u00e9cup\u00e9r\u00e9 par hasard sur un chantier de c\u00f4t\u00e9 expr\u00e8s pour la transformation du piano. Elle est teinte d&rsquo;un c\u00f4t\u00e9 mais l&rsquo;autre c\u00f4t\u00e9 est brut et c&rsquo;est celui ci qui sera visible et peint plus tard.<\/p>\n\n\n\n<div class=\"wp-block-image\"><figure class=\"aligncenter\"><img loading=\"lazy\" width=\"680\" height=\"907\" src=\"http:\/\/latelierdemat.com\/wp-content\/uploads\/2018\/01\/Planche-de-r\u00e9cuperation.jpg\" alt=\"Planche de recuperation\" class=\"wp-image-3814\" srcset=\"https:\/\/latelierdemat.com\/wp-content\/uploads\/2018\/01\/Planche-de-r\u00e9cuperation.jpg 680w, https:\/\/latelierdemat.com\/wp-content\/uploads\/2018\/01\/Planche-de-r\u00e9cuperation-400x534.jpg 400w, https:\/\/latelierdemat.com\/wp-content\/uploads\/2018\/01\/Planche-de-r\u00e9cuperation-150x200.jpg 150w, https:\/\/latelierdemat.com\/wp-content\/uploads\/2018\/01\/Planche-de-r\u00e9cuperation-560x747.jpg 560w\" sizes=\"(max-width: 680px) 100vw, 680px\" \/><\/figure><\/div>\n\n\n\n<p>J&rsquo;ai d\u00e9bit\u00e9 une partie pour cr\u00e9er un plateau. Celui ci repose sur les deux montants en contreplaqu\u00e9 pr\u00e9c\u00e9demment install\u00e9s. Cela ne se voit pas sur la photo mais le plateau est aussi ins\u00e9r\u00e9 sous la partie existante qui soutenait le clavier et est viss\u00e9 dedans. Pas de probl\u00e8me de solidit\u00e9 \u00e0 craindre \ud83d\ude09<\/p>\n\n\n\n<div class=\"wp-block-image\"><figure class=\"aligncenter\"><img loading=\"lazy\" width=\"680\" height=\"510\" src=\"http:\/\/latelierdemat.com\/wp-content\/uploads\/2018\/01\/Fixation-plateau-arriere.jpg\" alt=\"Pose du nouveau plateau du piano\" class=\"wp-image-3817\" srcset=\"https:\/\/latelierdemat.com\/wp-content\/uploads\/2018\/01\/Fixation-plateau-arriere.jpg 680w, https:\/\/latelierdemat.com\/wp-content\/uploads\/2018\/01\/Fixation-plateau-arriere-400x300.jpg 400w, https:\/\/latelierdemat.com\/wp-content\/uploads\/2018\/01\/Fixation-plateau-arriere-200x150.jpg 200w, https:\/\/latelierdemat.com\/wp-content\/uploads\/2018\/01\/Fixation-plateau-arriere-560x420.jpg 560w\" sizes=\"(max-width: 680px) 100vw, 680px\" \/><\/figure><\/div>\n\n\n\n<p>Je vais m&rsquo;arr\u00eater l\u00e0 pour aujourd&rsquo;hui histoire de faire durer le plaisir et de faire un peu de teasing. Comme je le disais au d\u00e9but, j&rsquo;ai scind\u00e9 cet article en deux car ce projet est tr\u00e8s long et l&rsquo;article aurait \u00e9t\u00e9 tr\u00e8s long \u00e0 lire. Je suis pas un gars sympa quand m\u00eame ? \ud83d\ude09 Il me reste encore entre autre \u00e0:<\/p>\n\n\n\n<p>-Poser une planche en bas pour masquer la poutre basse<br>-Poser des montants verticaux dans les parties hautes et basses pour permettre la cr\u00e9ation d&rsquo;\u00e9tag\u00e8res<br>-Fabriquer et poser les plateaux (il y aura une surprise) du bureau<br>-Poncer les planches ajout\u00e9es (j&rsquo;esp\u00e8re que j&rsquo;aurais re\u00e7u les pi\u00e8ces pour r\u00e9parer ma ponceuse d&rsquo;ici l\u00e0 ) \ud83d\ude10<br>-Mastiquer les petites imperfections<br>-Nettoyer l&rsquo;int\u00e9gralit\u00e9<br>-D\u00e9monter les roues<br>-Passer un appr\u00eat permettant l&rsquo;accroche de la peinture sur le vernis<br>-Peindre et vernir<\/p>\n\n\n\n<p>Je ne risque pas de m&rsquo;ennuyer en somme, et sachant qu&rsquo;il faudra un weekend tr\u00e8s ensoleill\u00e9 (et c&rsquo;est pas trop le cas hein en ce moment ) pour pouvoir peindre la b\u00eate, j&rsquo;esp\u00e8re pouvoir vous faire d\u00e9couvrir le r\u00e9sultat final de cette transformation tr\u00e8s bient\u00f4t.<\/p>\n\n\n\n<p>EDIT: la suite et fin de l&rsquo;article est disponible <a href=\"https:\/\/latelierdemat.com\/?p=4325\" target=\"_blank\" rel=\"noreferrer noopener\" aria-label=\"ici (opens in a new tab)\">ici<\/a><\/p>\n\n\n\n<p>La bise<\/p>\n\n\n\n<p>Mat<\/p>\n","protected":false},"excerpt":{"rendered":"<p>Hello les amis. Depuis quelques semaines maintenant, je vous parle de la transformation d&rsquo;un piano que je suis en train d&rsquo;effectuer pour en faire un bureau pour ma petite femme .La premi\u00e8re fois que j&rsquo;ai mentionn\u00e9 ce piano, c&rsquo;\u00e9tait dans l&rsquo;article \u00ab\u00a0Les r\u00e9cups : Automne 2016\u00a0\u00bb, autant dire que cela commence \u00e0 dater maintenant .J&rsquo;y <a class=\"moretag\" href=\"https:\/\/latelierdemat.com\/?p=3788\"> Lire la suite&#8230;<\/a><\/p>\n","protected":false},"author":3,"featured_media":3835,"comment_status":"open","ping_status":"open","sticky":false,"template":"","format":"standard","meta":{"_mi_skip_tracking":false,"_monsterinsights_sitenote_active":false,"_monsterinsights_sitenote_note":"","_monsterinsights_sitenote_category":0,"spay_email":""},"categories":[20],"tags":[],"yoast_head":"<!-- This site is optimized with the Yoast SEO plugin v18.3 - https:\/\/yoast.com\/wordpress\/plugins\/seo\/ -->\n<title>Adapter un piano en bureau : Partie 1 - L&#039;atelier de Mat<\/title>\n<meta name=\"description\" content=\"D\u00e9monter et transformer un vieux piano, cela vous tente mais vous ne savez pas comment faire ou vous pensez que c&#039;est super facile? D\u00e9couvrez \u00e9tape par \u00e9tape la transformation de ce piano droit et son adaptation en bureau.\" \/>\n<meta name=\"robots\" content=\"index, follow, max-snippet:-1, max-image-preview:large, max-video-preview:-1\" \/>\n<link rel=\"canonical\" href=\"https:\/\/latelierdemat.com\/?p=3788\" \/>\n<meta property=\"og:locale\" content=\"fr_FR\" \/>\n<meta property=\"og:type\" content=\"article\" \/>\n<meta property=\"og:title\" content=\"Adapter un piano en bureau : Partie 1 - L&#039;atelier de Mat\" \/>\n<meta property=\"og:description\" content=\"D\u00e9monter et transformer un vieux piano, cela vous tente mais vous ne savez pas comment faire ou vous pensez que c&#039;est super facile? D\u00e9couvrez \u00e9tape par \u00e9tape la transformation de ce piano droit et son adaptation en bureau.\" \/>\n<meta property=\"og:url\" content=\"https:\/\/latelierdemat.com\/?p=3788\" \/>\n<meta property=\"og:site_name\" content=\"L&#039;atelier de Mat\" \/>\n<meta property=\"article:publisher\" content=\"http:\/\/facebook.com\/latelierdemat\" \/>\n<meta property=\"article:published_time\" content=\"2018-01-26T15:37:25+00:00\" \/>\n<meta property=\"article:modified_time\" content=\"2021-03-04T06:59:55+00:00\" \/>\n<meta property=\"og:image\" content=\"https:\/\/latelierdemat.com\/wp-content\/uploads\/2018\/01\/Partie-1.png\" \/>\n\t<meta property=\"og:image:width\" content=\"680\" \/>\n\t<meta property=\"og:image:height\" content=\"510\" \/>\n\t<meta property=\"og:image:type\" content=\"image\/png\" \/>\n<meta name=\"twitter:card\" content=\"summary\" \/>\n<meta name=\"twitter:creator\" content=\"@latelierdemat\" \/>\n<meta name=\"twitter:site\" content=\"@latelierdemat\" \/>\n<meta name=\"twitter:label1\" content=\"\u00c9crit par\" \/>\n\t<meta name=\"twitter:data1\" content=\"Mat\" \/>\n\t<meta name=\"twitter:label2\" content=\"Dur\u00e9e de lecture estim\u00e9e\" \/>\n\t<meta name=\"twitter:data2\" content=\"9 minutes\" \/>\n<script type=\"application\/ld+json\" class=\"yoast-schema-graph\">{\"@context\":\"https:\/\/schema.org\",\"@graph\":[{\"@type\":\"WebSite\",\"@id\":\"https:\/\/latelierdemat.com\/#website\",\"url\":\"https:\/\/latelierdemat.com\/\",\"name\":\"L&#039;atelier de Mat\",\"description\":\"#r\u00e9cup\u00e9rer #restaurer #r\u00e9inventer\",\"potentialAction\":[{\"@type\":\"SearchAction\",\"target\":{\"@type\":\"EntryPoint\",\"urlTemplate\":\"https:\/\/latelierdemat.com\/?s={search_term_string}\"},\"query-input\":\"required name=search_term_string\"}],\"inLanguage\":\"fr-FR\"},{\"@type\":\"ImageObject\",\"@id\":\"https:\/\/latelierdemat.com\/?p=3788#primaryimage\",\"inLanguage\":\"fr-FR\",\"url\":\"https:\/\/latelierdemat.com\/wp-content\/uploads\/2018\/01\/Partie-1.png\",\"contentUrl\":\"https:\/\/latelierdemat.com\/wp-content\/uploads\/2018\/01\/Partie-1.png\",\"width\":680,\"height\":510},{\"@type\":\"WebPage\",\"@id\":\"https:\/\/latelierdemat.com\/?p=3788#webpage\",\"url\":\"https:\/\/latelierdemat.com\/?p=3788\",\"name\":\"Adapter un piano en bureau : Partie 1 - L&#039;atelier de Mat\",\"isPartOf\":{\"@id\":\"https:\/\/latelierdemat.com\/#website\"},\"primaryImageOfPage\":{\"@id\":\"https:\/\/latelierdemat.com\/?p=3788#primaryimage\"},\"datePublished\":\"2018-01-26T15:37:25+00:00\",\"dateModified\":\"2021-03-04T06:59:55+00:00\",\"author\":{\"@id\":\"https:\/\/latelierdemat.com\/#\/schema\/person\/8a5ae2a2c36adb8a62a1ad784fbcaf98\"},\"description\":\"D\u00e9monter et transformer un vieux piano, cela vous tente mais vous ne savez pas comment faire ou vous pensez que c'est super facile? D\u00e9couvrez \u00e9tape par \u00e9tape la transformation de ce piano droit et son adaptation en bureau.\",\"breadcrumb\":{\"@id\":\"https:\/\/latelierdemat.com\/?p=3788#breadcrumb\"},\"inLanguage\":\"fr-FR\",\"potentialAction\":[{\"@type\":\"ReadAction\",\"target\":[\"https:\/\/latelierdemat.com\/?p=3788\"]}]},{\"@type\":\"BreadcrumbList\",\"@id\":\"https:\/\/latelierdemat.com\/?p=3788#breadcrumb\",\"itemListElement\":[{\"@type\":\"ListItem\",\"position\":1,\"name\":\"Accueil\",\"item\":\"https:\/\/latelierdemat.com\/\"},{\"@type\":\"ListItem\",\"position\":2,\"name\":\"Adapter un piano en bureau : Partie 1\"}]},{\"@type\":\"Person\",\"@id\":\"https:\/\/latelierdemat.com\/#\/schema\/person\/8a5ae2a2c36adb8a62a1ad784fbcaf98\",\"name\":\"Mat\",\"image\":{\"@type\":\"ImageObject\",\"@id\":\"https:\/\/latelierdemat.com\/#personlogo\",\"inLanguage\":\"fr-FR\",\"url\":\"https:\/\/secure.gravatar.com\/avatar\/514074b8b21591ae84355f7c1eddab3c?s=96&d=mm&r=g\",\"contentUrl\":\"https:\/\/secure.gravatar.com\/avatar\/514074b8b21591ae84355f7c1eddab3c?s=96&d=mm&r=g\",\"caption\":\"Mat\"}}]}<\/script>\n<!-- \/ Yoast SEO plugin. -->","yoast_head_json":{"title":"Adapter un piano en bureau : Partie 1 - L&#039;atelier de Mat","description":"D\u00e9monter et transformer un vieux piano, cela vous tente mais vous ne savez pas comment faire ou vous pensez que c'est super facile? D\u00e9couvrez \u00e9tape par \u00e9tape la transformation de ce piano droit et son adaptation en bureau.","robots":{"index":"index","follow":"follow","max-snippet":"max-snippet:-1","max-image-preview":"max-image-preview:large","max-video-preview":"max-video-preview:-1"},"canonical":"https:\/\/latelierdemat.com\/?p=3788","og_locale":"fr_FR","og_type":"article","og_title":"Adapter un piano en bureau : Partie 1 - L&#039;atelier de Mat","og_description":"D\u00e9monter et transformer un vieux piano, cela vous tente mais vous ne savez pas comment faire ou vous pensez que c'est super facile? D\u00e9couvrez \u00e9tape par \u00e9tape la transformation de ce piano droit et son adaptation en bureau.","og_url":"https:\/\/latelierdemat.com\/?p=3788","og_site_name":"L&#039;atelier de Mat","article_publisher":"http:\/\/facebook.com\/latelierdemat","article_published_time":"2018-01-26T15:37:25+00:00","article_modified_time":"2021-03-04T06:59:55+00:00","og_image":[{"width":680,"height":510,"url":"https:\/\/latelierdemat.com\/wp-content\/uploads\/2018\/01\/Partie-1.png","type":"image\/png"}],"twitter_card":"summary","twitter_creator":"@latelierdemat","twitter_site":"@latelierdemat","twitter_misc":{"\u00c9crit par":"Mat","Dur\u00e9e de lecture estim\u00e9e":"9 minutes"},"schema":{"@context":"https:\/\/schema.org","@graph":[{"@type":"WebSite","@id":"https:\/\/latelierdemat.com\/#website","url":"https:\/\/latelierdemat.com\/","name":"L&#039;atelier de Mat","description":"#r\u00e9cup\u00e9rer #restaurer #r\u00e9inventer","potentialAction":[{"@type":"SearchAction","target":{"@type":"EntryPoint","urlTemplate":"https:\/\/latelierdemat.com\/?s={search_term_string}"},"query-input":"required name=search_term_string"}],"inLanguage":"fr-FR"},{"@type":"ImageObject","@id":"https:\/\/latelierdemat.com\/?p=3788#primaryimage","inLanguage":"fr-FR","url":"https:\/\/latelierdemat.com\/wp-content\/uploads\/2018\/01\/Partie-1.png","contentUrl":"https:\/\/latelierdemat.com\/wp-content\/uploads\/2018\/01\/Partie-1.png","width":680,"height":510},{"@type":"WebPage","@id":"https:\/\/latelierdemat.com\/?p=3788#webpage","url":"https:\/\/latelierdemat.com\/?p=3788","name":"Adapter un piano en bureau : Partie 1 - L&#039;atelier de Mat","isPartOf":{"@id":"https:\/\/latelierdemat.com\/#website"},"primaryImageOfPage":{"@id":"https:\/\/latelierdemat.com\/?p=3788#primaryimage"},"datePublished":"2018-01-26T15:37:25+00:00","dateModified":"2021-03-04T06:59:55+00:00","author":{"@id":"https:\/\/latelierdemat.com\/#\/schema\/person\/8a5ae2a2c36adb8a62a1ad784fbcaf98"},"description":"D\u00e9monter et transformer un vieux piano, cela vous tente mais vous ne savez pas comment faire ou vous pensez que c'est super facile? D\u00e9couvrez \u00e9tape par \u00e9tape la transformation de ce piano droit et son adaptation en bureau.","breadcrumb":{"@id":"https:\/\/latelierdemat.com\/?p=3788#breadcrumb"},"inLanguage":"fr-FR","potentialAction":[{"@type":"ReadAction","target":["https:\/\/latelierdemat.com\/?p=3788"]}]},{"@type":"BreadcrumbList","@id":"https:\/\/latelierdemat.com\/?p=3788#breadcrumb","itemListElement":[{"@type":"ListItem","position":1,"name":"Accueil","item":"https:\/\/latelierdemat.com\/"},{"@type":"ListItem","position":2,"name":"Adapter un piano en bureau : Partie 1"}]},{"@type":"Person","@id":"https:\/\/latelierdemat.com\/#\/schema\/person\/8a5ae2a2c36adb8a62a1ad784fbcaf98","name":"Mat","image":{"@type":"ImageObject","@id":"https:\/\/latelierdemat.com\/#personlogo","inLanguage":"fr-FR","url":"https:\/\/secure.gravatar.com\/avatar\/514074b8b21591ae84355f7c1eddab3c?s=96&d=mm&r=g","contentUrl":"https:\/\/secure.gravatar.com\/avatar\/514074b8b21591ae84355f7c1eddab3c?s=96&d=mm&r=g","caption":"Mat"}}]}},"jetpack_featured_media_url":"https:\/\/latelierdemat.com\/wp-content\/uploads\/2018\/01\/Partie-1.png","jetpack-related-posts":[{"id":4325,"url":"https:\/\/latelierdemat.com\/?p=4325","url_meta":{"origin":3788,"position":0},"title":"Adapter un piano droit en bureau","date":"6 juin 2018","format":false,"excerpt":"Cet article est la suite et la fin de l'article Adapter un piano en bureau Partie 1. Pour comprendre ce qui suit , il vaut donc mieux jeter un coup d'\u0153il au d\u00e9but de cette transformation pour bien suivre ;) . Dans la premi\u00e8re partie , je m\u2019\u00e9tais arr\u00eat\u00e9 \u00e0\u2026","rel":"","context":"Dans &quot;Transformation&quot;","img":{"alt_text":"","src":"https:\/\/i2.wp.com\/latelierdemat.com\/wp-content\/uploads\/2018\/06\/Adaptation-dun-piano-en-bureau.png?resize=350%2C200&ssl=1","width":350,"height":200},"classes":[]},{"id":1449,"url":"https:\/\/latelierdemat.com\/?p=1449","url_meta":{"origin":3788,"position":1},"title":"Mon bureau bleu","date":"25 septembre 2016","format":false,"excerpt":"Dans l'article R\u00e9centes acquisitions\u00a0en avril, je\u00a0vous avais racont\u00e9 comment j'avais acquis ce bureau. On est maintenant en septembre et je suis heureux de pouvoir vous montrer enfin le r\u00e9sultat. \u00c7a\u00a0n'a pas \u00e9t\u00e9 facile, cela a \u00e9t\u00e9 long car il y a eu des moments de d\u00e9couragements car parfois \u00e7a ne\u2026","rel":"","context":"Dans &quot;Restylage&quot;","img":{"alt_text":"","src":"https:\/\/i2.wp.com\/latelierdemat.com\/wp-content\/uploads\/2016\/09\/BBN-25.jpg?resize=350%2C200&ssl=1","width":350,"height":200},"classes":[]},{"id":1778,"url":"https:\/\/latelierdemat.com\/?p=1778","url_meta":{"origin":3788,"position":2},"title":"Les r\u00e9cups: Automne 2016","date":"4 d\u00e9cembre 2016","format":false,"excerpt":"Ce weekend je faisais un petit listing de tout ce que j'avais r\u00e9cup\u00e9r\u00e9 r\u00e9cemment et de ce que j'allais pouvoir en faire. La liste commen\u00e7ait \u00e0 s'allonger pas mal et je me suis dit : -\"Pourquoi ne pas en faire un petit article rapide histoire de partager tout \u00e7a et\u2026","rel":"","context":"Dans &quot;R\u00e9cup\u00e9ration&quot;","img":{"alt_text":"Vieilles tables de nuit - Old Nightstands","src":"https:\/\/i0.wp.com\/latelierdemat.com\/wp-content\/uploads\/2016\/12\/REC-02.jpg?resize=350%2C200&ssl=1","width":350,"height":200},"classes":[]},{"id":4275,"url":"https:\/\/latelierdemat.com\/?p=4275","url_meta":{"origin":3788,"position":3},"title":"Une boite en osier avec un motif grainsack","date":"18 mai 2018","format":false,"excerpt":"Parfois il ne faut pas aller bien loin pour trouver un petit meuble sympa \u00e0 relooker. La preuve est que j'ai r\u00e9cup\u00e9r\u00e9 cette boite chez mon ami et voisin David. Elle \u00e9tait pos\u00e9e dans un coin de sa terrasse, et apr\u00e8s l'avoir remarqu\u00e9e pendant plusieurs jours j'ai fini par lui\u2026","rel":"","context":"Dans &quot;Restylage&quot;","img":{"alt_text":"","src":"https:\/\/i0.wp.com\/latelierdemat.com\/wp-content\/uploads\/2018\/05\/Relooker-une-boite-en-osier-avec-motif-gainsack.jpg?resize=350%2C200&ssl=1","width":350,"height":200},"classes":[]},{"id":4764,"url":"https:\/\/latelierdemat.com\/?p=4764","url_meta":{"origin":3788,"position":4},"title":"Restyler un trieur \u00e0 courrier tout banal.","date":"5 octobre 2018","format":false,"excerpt":"Cette semaine les amis je vais vous pr\u00e9senter un relooking rapide d'une petite boite \u00e0 courrier. Je ne sais pas trop comment cela s'appelle d'ailleurs, boite \u00e0 courrier, classeur \u00e0 courrier, ou encore trieur \u00e0 courrier...\u00a0 Bref, peu importe le nom \"officiel\", je vais utiliser le terme trieur et on\u2026","rel":"","context":"Dans &quot;Restylage&quot;","img":{"alt_text":"","src":"https:\/\/i1.wp.com\/latelierdemat.com\/wp-content\/uploads\/2018\/10\/Trieur-a-courrier-Farmhouse.png?resize=350%2C200&ssl=1","width":350,"height":200},"classes":[]},{"id":5179,"url":"https:\/\/latelierdemat.com\/?p=5179","url_meta":{"origin":3788,"position":5},"title":"La r\u00e9tro des projets de l&rsquo;ann\u00e9e 2018","date":"12 janvier 2019","format":false,"excerpt":"Une nouvelle ann\u00e9e qui commence est synonyme de pleins de nouveaux projets et \u00e7a c'est trop bien ! ;). Mais comme dit l'adage, pour savoir o\u00f9 l'on va il faut savoir d'o\u00f9 l'on vient. Je me suis donc dit que de faire un article d\u00e9di\u00e9 aux projets de l'ann\u00e9e pass\u00e9e\u2026","rel":"","context":"Dans &quot;Top&quot;","img":{"alt_text":"","src":"https:\/\/i1.wp.com\/latelierdemat.com\/wp-content\/uploads\/2019\/01\/Les-relooking-de-2018.png?resize=350%2C200&ssl=1","width":350,"height":200},"classes":[]}],"jetpack_likes_enabled":true,"_links":{"self":[{"href":"https:\/\/latelierdemat.com\/index.php?rest_route=\/wp\/v2\/posts\/3788"}],"collection":[{"href":"https:\/\/latelierdemat.com\/index.php?rest_route=\/wp\/v2\/posts"}],"about":[{"href":"https:\/\/latelierdemat.com\/index.php?rest_route=\/wp\/v2\/types\/post"}],"author":[{"embeddable":true,"href":"https:\/\/latelierdemat.com\/index.php?rest_route=\/wp\/v2\/users\/3"}],"replies":[{"embeddable":true,"href":"https:\/\/latelierdemat.com\/index.php?rest_route=%2Fwp%2Fv2%2Fcomments&post=3788"}],"version-history":[{"count":18,"href":"https:\/\/latelierdemat.com\/index.php?rest_route=\/wp\/v2\/posts\/3788\/revisions"}],"predecessor-version":[{"id":6479,"href":"https:\/\/latelierdemat.com\/index.php?rest_route=\/wp\/v2\/posts\/3788\/revisions\/6479"}],"wp:featuredmedia":[{"embeddable":true,"href":"https:\/\/latelierdemat.com\/index.php?rest_route=\/wp\/v2\/media\/3835"}],"wp:attachment":[{"href":"https:\/\/latelierdemat.com\/index.php?rest_route=%2Fwp%2Fv2%2Fmedia&parent=3788"}],"wp:term":[{"taxonomy":"category","embeddable":true,"href":"https:\/\/latelierdemat.com\/index.php?rest_route=%2Fwp%2Fv2%2Fcategories&post=3788"},{"taxonomy":"post_tag","embeddable":true,"href":"https:\/\/latelierdemat.com\/index.php?rest_route=%2Fwp%2Fv2%2Ftags&post=3788"}],"curies":[{"name":"wp","href":"https:\/\/api.w.org\/{rel}","templated":true}]}}