{"id":4275,"date":"2018-05-18T10:54:35","date_gmt":"2018-05-18T08:54:35","guid":{"rendered":"http:\/\/latelierdemat.com\/?p=4275"},"modified":"2018-05-18T10:54:35","modified_gmt":"2018-05-18T08:54:35","slug":"une-boite-en-osier-avec-un-motif-grainsack","status":"publish","type":"post","link":"https:\/\/latelierdemat.com\/?p=4275","title":{"rendered":"Une boite en osier avec un motif grainsack"},"content":{"rendered":"<p>Parfois il ne faut pas aller bien loin pour trouver un petit meuble sympa \u00e0 relooker. La preuve est que j&rsquo;ai r\u00e9cup\u00e9r\u00e9 cette boite chez mon ami et voisin David. Elle \u00e9tait pos\u00e9e dans un coin de sa terrasse, et apr\u00e8s l&rsquo;avoir remarqu\u00e9e pendant plusieurs jours j&rsquo;ai fini par lui demander ce qu&rsquo;il en ferait. Comme il l&rsquo;avait trouv\u00e9e \u00e0 la poubelle, et oui on n&rsquo;est pas amis pour rien \ud83d\ude09 , il me l&rsquo;a gentiment offerte. Yes !<\/p>\n<p><a href=\"http:\/\/latelierdemat.com\/wp-content\/uploads\/2018\/05\/Boite-tiroirs-en-osier-avant.jpg\"><img loading=\"lazy\" class=\"aligncenter size-full wp-image-4276\" src=\"http:\/\/latelierdemat.com\/wp-content\/uploads\/2018\/05\/Boite-tiroirs-en-osier-avant.jpg\" alt=\"\" width=\"680\" height=\"510\" srcset=\"https:\/\/latelierdemat.com\/wp-content\/uploads\/2018\/05\/Boite-tiroirs-en-osier-avant.jpg 680w, https:\/\/latelierdemat.com\/wp-content\/uploads\/2018\/05\/Boite-tiroirs-en-osier-avant-400x300.jpg 400w, https:\/\/latelierdemat.com\/wp-content\/uploads\/2018\/05\/Boite-tiroirs-en-osier-avant-200x150.jpg 200w, https:\/\/latelierdemat.com\/wp-content\/uploads\/2018\/05\/Boite-tiroirs-en-osier-avant-560x420.jpg 560w\" sizes=\"(max-width: 680px) 100vw, 680px\" \/><\/a><\/p>\n<p>Allez hop sur l&rsquo;\u00e9tabli pour faire un \u00e9tat des lieux et commencer \u00e0 travailler \u00e0 son relooking. L&rsquo;\u00e9tat g\u00e9n\u00e9ral n&rsquo;est pas mauvais du tout mais il y atout de m\u00eame quelques petites choses \u00e0 revoir.<\/p>\n<p><a href=\"http:\/\/latelierdemat.com\/wp-content\/uploads\/2018\/05\/Boite-tiroirs-en-osier-d\u00e9tails.jpg\"><img loading=\"lazy\" class=\"aligncenter size-full wp-image-4277\" src=\"http:\/\/latelierdemat.com\/wp-content\/uploads\/2018\/05\/Boite-tiroirs-en-osier-d\u00e9tails.jpg\" alt=\"\" width=\"680\" height=\"510\" srcset=\"https:\/\/latelierdemat.com\/wp-content\/uploads\/2018\/05\/Boite-tiroirs-en-osier-d\u00e9tails.jpg 680w, https:\/\/latelierdemat.com\/wp-content\/uploads\/2018\/05\/Boite-tiroirs-en-osier-d\u00e9tails-400x300.jpg 400w, https:\/\/latelierdemat.com\/wp-content\/uploads\/2018\/05\/Boite-tiroirs-en-osier-d\u00e9tails-200x150.jpg 200w, https:\/\/latelierdemat.com\/wp-content\/uploads\/2018\/05\/Boite-tiroirs-en-osier-d\u00e9tails-560x420.jpg 560w\" sizes=\"(max-width: 680px) 100vw, 680px\" \/><\/a><\/p>\n<p>Tout d\u2019abord, les fa\u00e7ades de tiroirs n&rsquo;ont pas re\u00e7ues les meilleures finitions du monde ;).Chose rare, les poign\u00e9es ne sont pas du tout centr\u00e9es. Je ne parle pas de tous les petits trous des clous qu&rsquo;il faudra boucher. Il y avait aussi cet esp\u00e8ce de motif en \u00ab\u00a0vague\u00a0\u00bb dont il allait falloir s&rsquo;occuper.<\/p>\n<p><a href=\"http:\/\/latelierdemat.com\/wp-content\/uploads\/2018\/05\/Poign\u00e9e-tiroir-d\u00e9sax\u00e9e.jpg\"><img loading=\"lazy\" class=\"aligncenter size-full wp-image-4278\" src=\"http:\/\/latelierdemat.com\/wp-content\/uploads\/2018\/05\/Poign\u00e9e-tiroir-d\u00e9sax\u00e9e.jpg\" alt=\"\" width=\"680\" height=\"510\" srcset=\"https:\/\/latelierdemat.com\/wp-content\/uploads\/2018\/05\/Poign\u00e9e-tiroir-d\u00e9sax\u00e9e.jpg 680w, https:\/\/latelierdemat.com\/wp-content\/uploads\/2018\/05\/Poign\u00e9e-tiroir-d\u00e9sax\u00e9e-400x300.jpg 400w, https:\/\/latelierdemat.com\/wp-content\/uploads\/2018\/05\/Poign\u00e9e-tiroir-d\u00e9sax\u00e9e-200x150.jpg 200w, https:\/\/latelierdemat.com\/wp-content\/uploads\/2018\/05\/Poign\u00e9e-tiroir-d\u00e9sax\u00e9e-560x420.jpg 560w\" sizes=\"(max-width: 680px) 100vw, 680px\" \/><\/a><\/p>\n<p>Les petits motifs n&rsquo;\u00e9tant pas dans le style que je voulais lui donner et n&rsquo;\u00e9tant pr\u00e9sent que par endroit , j&rsquo;ai d\u00e9cid\u00e9 de les masquer. La solution la plus simple pour cela a \u00e9t\u00e9 d&rsquo;utiliser un mastic \u00e0 bois. Cela permettra aussi de boucher les traces de clous au passage. Par souci d&rsquo;\u00e9conomie, et aussi parce que les r\u00e9sultats ne sont pas mal du tout, j\u2019utilise le mastic qui est en vente dans les magasins Action.<\/p>\n<p><a href=\"http:\/\/latelierdemat.com\/wp-content\/uploads\/2018\/05\/Masticage-des-tiroirs.jpg\"><img loading=\"lazy\" class=\"aligncenter size-full wp-image-4280\" src=\"http:\/\/latelierdemat.com\/wp-content\/uploads\/2018\/05\/Masticage-des-tiroirs.jpg\" alt=\"\" width=\"680\" height=\"510\" srcset=\"https:\/\/latelierdemat.com\/wp-content\/uploads\/2018\/05\/Masticage-des-tiroirs.jpg 680w, https:\/\/latelierdemat.com\/wp-content\/uploads\/2018\/05\/Masticage-des-tiroirs-400x300.jpg 400w, https:\/\/latelierdemat.com\/wp-content\/uploads\/2018\/05\/Masticage-des-tiroirs-200x150.jpg 200w, https:\/\/latelierdemat.com\/wp-content\/uploads\/2018\/05\/Masticage-des-tiroirs-560x420.jpg 560w\" sizes=\"(max-width: 680px) 100vw, 680px\" \/><\/a><\/p>\n<p>Il est facile \u00e0 poncer et se peint tr\u00e8s bien, alors j&rsquo;ai en ai profit\u00e9 pour r\u00e9parer aussi les n\u0153uds et les l\u00e9g\u00e8res fentes qu&rsquo;ils ont provoqu\u00e9s sur les c\u00f4t\u00e9s<\/p>\n<p><a href=\"http:\/\/latelierdemat.com\/wp-content\/uploads\/2018\/05\/Boite-et-enduit.jpg\"><img loading=\"lazy\" class=\"aligncenter size-full wp-image-4279\" src=\"http:\/\/latelierdemat.com\/wp-content\/uploads\/2018\/05\/Boite-et-enduit.jpg\" alt=\"\" width=\"680\" height=\"510\" srcset=\"https:\/\/latelierdemat.com\/wp-content\/uploads\/2018\/05\/Boite-et-enduit.jpg 680w, https:\/\/latelierdemat.com\/wp-content\/uploads\/2018\/05\/Boite-et-enduit-400x300.jpg 400w, https:\/\/latelierdemat.com\/wp-content\/uploads\/2018\/05\/Boite-et-enduit-200x150.jpg 200w, https:\/\/latelierdemat.com\/wp-content\/uploads\/2018\/05\/Boite-et-enduit-560x420.jpg 560w\" sizes=\"(max-width: 680px) 100vw, 680px\" \/><\/a><\/p>\n<p>En quelques minutes j&rsquo;avais enduit toutes les parties o\u00f9 pouvait se trouver ce motif en \u00ab\u00a0vague\u00a0\u00bb et les petits soucis que j&rsquo;ai pu trouv\u00e9 sur cette boite<\/p>\n<p><a href=\"http:\/\/latelierdemat.com\/wp-content\/uploads\/2018\/05\/Enduit-avant-peinture.jpg\"><img loading=\"lazy\" class=\"aligncenter size-full wp-image-4281\" src=\"http:\/\/latelierdemat.com\/wp-content\/uploads\/2018\/05\/Enduit-avant-peinture.jpg\" alt=\"\" width=\"680\" height=\"510\" srcset=\"https:\/\/latelierdemat.com\/wp-content\/uploads\/2018\/05\/Enduit-avant-peinture.jpg 680w, https:\/\/latelierdemat.com\/wp-content\/uploads\/2018\/05\/Enduit-avant-peinture-400x300.jpg 400w, https:\/\/latelierdemat.com\/wp-content\/uploads\/2018\/05\/Enduit-avant-peinture-200x150.jpg 200w, https:\/\/latelierdemat.com\/wp-content\/uploads\/2018\/05\/Enduit-avant-peinture-560x420.jpg 560w\" sizes=\"(max-width: 680px) 100vw, 680px\" \/><\/a><\/p>\n<p>J&rsquo;ai ensuite pu proc\u00e9der au pon\u00e7age, toujours avec un grain 120, et j&rsquo;ai appliqu\u00e9 une couche de peinture noire. La photo n&rsquo;est pas top je sais (d\u00e9sol\u00e9) , mais je pense que vous aurez saisi l&rsquo;id\u00e9e ;). J&rsquo;en ai appliqu\u00e9 deux couches et j&rsquo;ai pris le parti de ne pas peindre les logements des tiroirs ni les c\u00f4t\u00e9s de ceux ci afin d\u2019\u00e9viter tout futur probl\u00e8me de \u00ab\u00a0coulissage\u00a0\u00bb.<\/p>\n<p><a href=\"http:\/\/latelierdemat.com\/wp-content\/uploads\/2018\/05\/Boite-en-osier-noire.jpg\"><img loading=\"lazy\" class=\"aligncenter size-full wp-image-4282\" src=\"http:\/\/latelierdemat.com\/wp-content\/uploads\/2018\/05\/Boite-en-osier-noire.jpg\" alt=\"\" width=\"680\" height=\"907\" srcset=\"https:\/\/latelierdemat.com\/wp-content\/uploads\/2018\/05\/Boite-en-osier-noire.jpg 680w, https:\/\/latelierdemat.com\/wp-content\/uploads\/2018\/05\/Boite-en-osier-noire-400x534.jpg 400w, https:\/\/latelierdemat.com\/wp-content\/uploads\/2018\/05\/Boite-en-osier-noire-150x200.jpg 150w, https:\/\/latelierdemat.com\/wp-content\/uploads\/2018\/05\/Boite-en-osier-noire-560x747.jpg 560w\" sizes=\"(max-width: 680px) 100vw, 680px\" \/><\/a><\/p>\n<p>Une fois la peinture noire s\u00e8che , j&rsquo;ai appliqu\u00e9 la couleur d\u00e9finitive \u00e0 savoir un blanc ivoire (Blanc Ivoire n\u00b03 de chez Luxens). Pourquoi peindre en noir puis en blanc certains se demanderont? La r\u00e9ponse est toute simple: quand je vais patiner artificiellement la boite en la pon\u00e7ant l\u00e9g\u00e8rement, du noir ressortira sous le blanc ce qui aura pour effet de donner un aspect us\u00e9 et un peu de \u00ab\u00a0profondeur\u00a0\u00bb \u00e0 la peinture.<\/p>\n<p><a href=\"http:\/\/latelierdemat.com\/wp-content\/uploads\/2018\/05\/Premiere-couche-couleur-ivoire.jpg\"><img loading=\"lazy\" class=\"aligncenter size-full wp-image-4283\" src=\"http:\/\/latelierdemat.com\/wp-content\/uploads\/2018\/05\/Premiere-couche-couleur-ivoire.jpg\" alt=\"\" width=\"680\" height=\"510\" srcset=\"https:\/\/latelierdemat.com\/wp-content\/uploads\/2018\/05\/Premiere-couche-couleur-ivoire.jpg 680w, https:\/\/latelierdemat.com\/wp-content\/uploads\/2018\/05\/Premiere-couche-couleur-ivoire-400x300.jpg 400w, https:\/\/latelierdemat.com\/wp-content\/uploads\/2018\/05\/Premiere-couche-couleur-ivoire-200x150.jpg 200w, https:\/\/latelierdemat.com\/wp-content\/uploads\/2018\/05\/Premiere-couche-couleur-ivoire-560x420.jpg 560w\" sizes=\"(max-width: 680px) 100vw, 680px\" \/><\/a><\/p>\n<p>Trois couches de blanc ivoire ont \u00e9t\u00e9 n\u00e9cessaires pour que le r\u00e9sultat soit propre. Il ne me restait donc plus qu&rsquo;\u00e0 mettre en place le design et les protections pour pouvoir peindre un motif \u00ab\u00a0Grainsack\u00a0\u00bb ou \u00ab\u00a0sac \u00e0 grains\u00a0\u00bb (motif constitu\u00e9 de bandes de diff\u00e9rentes largeurs). J&rsquo;ai d\u00e9j\u00e0 utilis\u00e9 ce genre de motif sur ce<a href=\"http:\/\/latelierdemat.com\/?p=3249\" target=\"_blank\" rel=\"noopener\"> plateau<\/a> et le r\u00e9sultat est toujours sympa.<br \/>\n<script type=\"text\/javascript\" src=\"https:\/\/app.mailerlite.com\/data\/webforms\/271653\/b7n7j5.js?v24\"><\/script><br \/>\nPour mettr ene forme le motif, j&rsquo;utilise du scotch pour surfaces fragiles. Cela \u00e9vite d&rsquo;arracher la peinture quand on enl\u00e8ve le scotch ! \ud83d\ude09 .<\/p>\n<p><a href=\"http:\/\/latelierdemat.com\/wp-content\/uploads\/2018\/05\/Pr\u00e9paration-motif-Grainsack.jpg\"><img loading=\"lazy\" class=\"aligncenter size-full wp-image-4284\" src=\"http:\/\/latelierdemat.com\/wp-content\/uploads\/2018\/05\/Pr\u00e9paration-motif-Grainsack.jpg\" alt=\"\" width=\"680\" height=\"510\" srcset=\"https:\/\/latelierdemat.com\/wp-content\/uploads\/2018\/05\/Pr\u00e9paration-motif-Grainsack.jpg 680w, https:\/\/latelierdemat.com\/wp-content\/uploads\/2018\/05\/Pr\u00e9paration-motif-Grainsack-400x300.jpg 400w, https:\/\/latelierdemat.com\/wp-content\/uploads\/2018\/05\/Pr\u00e9paration-motif-Grainsack-200x150.jpg 200w, https:\/\/latelierdemat.com\/wp-content\/uploads\/2018\/05\/Pr\u00e9paration-motif-Grainsack-560x420.jpg 560w\" sizes=\"(max-width: 680px) 100vw, 680px\" \/><\/a><\/p>\n<p>Cela m&rsquo;a pris un peu de temps de prot\u00e9ger toute la boite dans du papier mais si vous savez faire un paquet cadeau, ce n&rsquo;est pas si dur \ud83d\ude09 . Petite astuce: je conserve les papiers d&#8217;emballage qu&rsquo;on trouve dans les colis Amazon notamment car ils sont assez souples et en grand format. L&rsquo;utilisation d&rsquo;une bombe de peinture en spray pour r\u00e9aliser les pochoirs lors de la r\u00e9alisation de <a href=\"http:\/\/latelierdemat.com\/?p=4226\" target=\"_blank\" rel=\"noopener\">ce repose-pieds<\/a> m&rsquo;ayant agr\u00e9ablement convaincu, j&rsquo;ai d\u00e9cid\u00e9 d&rsquo;utiliser celle ci \u00e0 nouveau pour peindre le motif.<br \/>\n<a href=\"http:\/\/latelierdemat.com\/wp-content\/uploads\/2018\/05\/Peinture-motif-Grainsack.jpg\"><br \/>\n<img loading=\"lazy\" class=\"aligncenter size-full wp-image-4285\" src=\"http:\/\/latelierdemat.com\/wp-content\/uploads\/2018\/05\/Peinture-motif-Grainsack.jpg\" alt=\"\" width=\"680\" height=\"510\" srcset=\"https:\/\/latelierdemat.com\/wp-content\/uploads\/2018\/05\/Peinture-motif-Grainsack.jpg 680w, https:\/\/latelierdemat.com\/wp-content\/uploads\/2018\/05\/Peinture-motif-Grainsack-400x300.jpg 400w, https:\/\/latelierdemat.com\/wp-content\/uploads\/2018\/05\/Peinture-motif-Grainsack-200x150.jpg 200w, https:\/\/latelierdemat.com\/wp-content\/uploads\/2018\/05\/Peinture-motif-Grainsack-560x420.jpg 560w\" sizes=\"(max-width: 680px) 100vw, 680px\" \/><\/a><\/p>\n<p>En ce qui concerne les poign\u00e9es , je n&rsquo;ai rien trouv\u00e9 en magasin qui me plaise vraiment pour ce projet. Je voulais des poign\u00e9es noires mais je ne voulais pas d\u00e9penser 5\u20ac par poign\u00e9e pour trouver mon bonheur. Je me suis alors rabattu sur ces poign\u00e9es toutes simples en h\u00eatre \u00e0 1.70\u20ac. Une fois peintes et patin\u00e9es elles devraient bien rendre. Une autre petite astuce que j&rsquo;utilise pour peindre des poign\u00e9es, c&rsquo;est de les planter dans un carton. Ainsi on peut les peindre en int\u00e9gralit\u00e9 d&rsquo;un seul coup. \ud83d\ude42 \ud83d\ude42<\/p>\n<p><a href=\"http:\/\/latelierdemat.com\/wp-content\/uploads\/2018\/05\/Astuce-peinture-pour-poign\u00e9es.jpg\"><img loading=\"lazy\" class=\"aligncenter size-full wp-image-4286\" src=\"http:\/\/latelierdemat.com\/wp-content\/uploads\/2018\/05\/Astuce-peinture-pour-poign\u00e9es.jpg\" alt=\"\" width=\"680\" height=\"510\" srcset=\"https:\/\/latelierdemat.com\/wp-content\/uploads\/2018\/05\/Astuce-peinture-pour-poign\u00e9es.jpg 680w, https:\/\/latelierdemat.com\/wp-content\/uploads\/2018\/05\/Astuce-peinture-pour-poign\u00e9es-400x300.jpg 400w, https:\/\/latelierdemat.com\/wp-content\/uploads\/2018\/05\/Astuce-peinture-pour-poign\u00e9es-200x150.jpg 200w, https:\/\/latelierdemat.com\/wp-content\/uploads\/2018\/05\/Astuce-peinture-pour-poign\u00e9es-560x420.jpg 560w\" sizes=\"(max-width: 680px) 100vw, 680px\" \/><\/a><\/p>\n<p>Bon allez, tr\u00eave d&rsquo;astuces et passons au r\u00e9sultat final . Et comme vous pouvez le voir j&rsquo;ai pris soin de centrer les poign\u00e9es pour enfin rendre justice \u00e0 cette boite et \u00e0 son nouveau look \ud83d\ude09 .<\/p>\n<p><a href=\"http:\/\/latelierdemat.com\/wp-content\/uploads\/2018\/05\/Boite-en-osier-relook\u00e9e.jpg\"><img loading=\"lazy\" class=\"aligncenter size-full wp-image-4287\" src=\"http:\/\/latelierdemat.com\/wp-content\/uploads\/2018\/05\/Boite-en-osier-relook\u00e9e.jpg\" alt=\"\" width=\"680\" height=\"510\" srcset=\"https:\/\/latelierdemat.com\/wp-content\/uploads\/2018\/05\/Boite-en-osier-relook\u00e9e.jpg 680w, https:\/\/latelierdemat.com\/wp-content\/uploads\/2018\/05\/Boite-en-osier-relook\u00e9e-400x300.jpg 400w, https:\/\/latelierdemat.com\/wp-content\/uploads\/2018\/05\/Boite-en-osier-relook\u00e9e-200x150.jpg 200w, https:\/\/latelierdemat.com\/wp-content\/uploads\/2018\/05\/Boite-en-osier-relook\u00e9e-560x420.jpg 560w\" sizes=\"(max-width: 680px) 100vw, 680px\" \/><\/a><\/p>\n<p>Le motif \u00ab\u00a0sac \u00e0 grains\u00a0\u00bb sur les cot\u00e9s a \u00e9t\u00e9 ponc\u00e9 \u00e0 la main afin de donner un petit effet us\u00e9 sans trop non plus enlever de peinture.<\/p>\n<p><a href=\"http:\/\/latelierdemat.com\/wp-content\/uploads\/2018\/05\/Boite-en-osier-style-Grainsack.jpg\"><img loading=\"lazy\" class=\"aligncenter size-full wp-image-4288\" src=\"http:\/\/latelierdemat.com\/wp-content\/uploads\/2018\/05\/Boite-en-osier-style-Grainsack.jpg\" alt=\"\" width=\"680\" height=\"510\" srcset=\"https:\/\/latelierdemat.com\/wp-content\/uploads\/2018\/05\/Boite-en-osier-style-Grainsack.jpg 680w, https:\/\/latelierdemat.com\/wp-content\/uploads\/2018\/05\/Boite-en-osier-style-Grainsack-400x300.jpg 400w, https:\/\/latelierdemat.com\/wp-content\/uploads\/2018\/05\/Boite-en-osier-style-Grainsack-200x150.jpg 200w, https:\/\/latelierdemat.com\/wp-content\/uploads\/2018\/05\/Boite-en-osier-style-Grainsack-560x420.jpg 560w\" sizes=\"(max-width: 680px) 100vw, 680px\" \/><\/a><\/p>\n<p>Pour cr\u00e9er cette patine sur les poign\u00e9es j&rsquo;ai peint celles ci \u00e0 la bombe puis une fois la peinture s\u00e8che, j&rsquo;ai ponc\u00e9 de fa\u00e7on al\u00e9atoire. La derni\u00e8re \u00e9tape a consist\u00e9 en l&rsquo;application d&rsquo;une cire \u00ab\u00a0Ch\u00eane moyen\u00a0\u00bb. J&rsquo;aime beaucoup le r\u00e9sultat, on dirait d&rsquo;anciennes poign\u00e9es us\u00e9es par le temps.<\/p>\n<p><a href=\"http:\/\/latelierdemat.com\/wp-content\/uploads\/2018\/05\/Poign\u00e9e-neuve-patin\u00e9e.jpg\"><img loading=\"lazy\" class=\"aligncenter size-full wp-image-4289\" src=\"http:\/\/latelierdemat.com\/wp-content\/uploads\/2018\/05\/Poign\u00e9e-neuve-patin\u00e9e.jpg\" alt=\"\" width=\"680\" height=\"510\" srcset=\"https:\/\/latelierdemat.com\/wp-content\/uploads\/2018\/05\/Poign\u00e9e-neuve-patin\u00e9e.jpg 680w, https:\/\/latelierdemat.com\/wp-content\/uploads\/2018\/05\/Poign\u00e9e-neuve-patin\u00e9e-400x300.jpg 400w, https:\/\/latelierdemat.com\/wp-content\/uploads\/2018\/05\/Poign\u00e9e-neuve-patin\u00e9e-200x150.jpg 200w, https:\/\/latelierdemat.com\/wp-content\/uploads\/2018\/05\/Poign\u00e9e-neuve-patin\u00e9e-560x420.jpg 560w\" sizes=\"(max-width: 680px) 100vw, 680px\" \/><\/a><\/p>\n<p>J&rsquo;ai aussi ponc\u00e9 l\u00e9g\u00e8rement les ar\u00eates de la boite dans son int\u00e9gralit\u00e9, certains angles laissant m\u00eame appara\u00eetre le bois.<\/p>\n<p><a href=\"http:\/\/latelierdemat.com\/wp-content\/uploads\/2018\/05\/Motif-Grainsack-boite-en-osier.jpg\"><img loading=\"lazy\" class=\"aligncenter size-full wp-image-4290\" src=\"http:\/\/latelierdemat.com\/wp-content\/uploads\/2018\/05\/Motif-Grainsack-boite-en-osier.jpg\" alt=\"\" width=\"680\" height=\"510\" srcset=\"https:\/\/latelierdemat.com\/wp-content\/uploads\/2018\/05\/Motif-Grainsack-boite-en-osier.jpg 680w, https:\/\/latelierdemat.com\/wp-content\/uploads\/2018\/05\/Motif-Grainsack-boite-en-osier-400x300.jpg 400w, https:\/\/latelierdemat.com\/wp-content\/uploads\/2018\/05\/Motif-Grainsack-boite-en-osier-200x150.jpg 200w, https:\/\/latelierdemat.com\/wp-content\/uploads\/2018\/05\/Motif-Grainsack-boite-en-osier-560x420.jpg 560w\" sizes=\"(max-width: 680px) 100vw, 680px\" \/><\/a><\/p>\n<p>Une couche de protection a \u00e9t\u00e9 appliqu\u00e9e sur toute la boite, tiroirs y compris. La cire ne m\u2019apparaissait pas \u00eatre la meilleure option \u00e0 cause de l&rsquo;osier car des \u00ab\u00a0petits p\u00e2t\u00e9s\u00a0\u00bb se seraient s\u00fbrement form\u00e9s. J&rsquo;ai donc utilis\u00e9 \u00e0 la place un vitrificateur dans une finition \u00ab\u00a0aspect cir\u00e9\u00a0\u00bb que j&rsquo;ai appliqu\u00e9 au pinceau.<\/p>\n<p><a href=\"http:\/\/latelierdemat.com\/wp-content\/uploads\/2018\/05\/Boite-en-osier-style-Farmhouse.jpg\"><img loading=\"lazy\" class=\"aligncenter size-full wp-image-4291\" src=\"http:\/\/latelierdemat.com\/wp-content\/uploads\/2018\/05\/Boite-en-osier-style-Farmhouse.jpg\" alt=\"\" width=\"680\" height=\"907\" srcset=\"https:\/\/latelierdemat.com\/wp-content\/uploads\/2018\/05\/Boite-en-osier-style-Farmhouse.jpg 680w, https:\/\/latelierdemat.com\/wp-content\/uploads\/2018\/05\/Boite-en-osier-style-Farmhouse-400x534.jpg 400w, https:\/\/latelierdemat.com\/wp-content\/uploads\/2018\/05\/Boite-en-osier-style-Farmhouse-150x200.jpg 150w, https:\/\/latelierdemat.com\/wp-content\/uploads\/2018\/05\/Boite-en-osier-style-Farmhouse-560x747.jpg 560w\" sizes=\"(max-width: 680px) 100vw, 680px\" \/><\/a><\/p>\n<p>J&rsquo;aime beaucoup les petit d\u00e9tails qui sont apparus ici et l\u00e0 lors de l\u2019\u00e9tape de finition. Cela ne donne t&rsquo;il pas plus de caract\u00e8re \u00e0 cette boite?<\/p>\n<p><a href=\"http:\/\/latelierdemat.com\/wp-content\/uploads\/2018\/05\/Patine-boite-en-osier-relook\u00e9.jpg\"><img loading=\"lazy\" class=\"aligncenter size-full wp-image-4292\" src=\"http:\/\/latelierdemat.com\/wp-content\/uploads\/2018\/05\/Patine-boite-en-osier-relook\u00e9.jpg\" alt=\"\" width=\"680\" height=\"510\" srcset=\"https:\/\/latelierdemat.com\/wp-content\/uploads\/2018\/05\/Patine-boite-en-osier-relook\u00e9.jpg 680w, https:\/\/latelierdemat.com\/wp-content\/uploads\/2018\/05\/Patine-boite-en-osier-relook\u00e9-400x300.jpg 400w, https:\/\/latelierdemat.com\/wp-content\/uploads\/2018\/05\/Patine-boite-en-osier-relook\u00e9-200x150.jpg 200w, https:\/\/latelierdemat.com\/wp-content\/uploads\/2018\/05\/Patine-boite-en-osier-relook\u00e9-560x420.jpg 560w\" sizes=\"(max-width: 680px) 100vw, 680px\" \/><\/a><\/p>\n<p>L\u2019int\u00e9rieur des tiroirs \u00e9tant en bon \u00e9tat, je me suis content\u00e9 de peindre celui ci dans la m\u00eame couleur blanc ivoire.<\/p>\n<p><a href=\"http:\/\/latelierdemat.com\/wp-content\/uploads\/2018\/05\/D\u00e9tail-tiroir-boite-en-osier-relook\u00e9.jpg\"><img loading=\"lazy\" class=\"aligncenter size-full wp-image-4293\" src=\"http:\/\/latelierdemat.com\/wp-content\/uploads\/2018\/05\/D\u00e9tail-tiroir-boite-en-osier-relook\u00e9.jpg\" alt=\"\" width=\"680\" height=\"510\" srcset=\"https:\/\/latelierdemat.com\/wp-content\/uploads\/2018\/05\/D\u00e9tail-tiroir-boite-en-osier-relook\u00e9.jpg 680w, https:\/\/latelierdemat.com\/wp-content\/uploads\/2018\/05\/D\u00e9tail-tiroir-boite-en-osier-relook\u00e9-400x300.jpg 400w, https:\/\/latelierdemat.com\/wp-content\/uploads\/2018\/05\/D\u00e9tail-tiroir-boite-en-osier-relook\u00e9-200x150.jpg 200w, https:\/\/latelierdemat.com\/wp-content\/uploads\/2018\/05\/D\u00e9tail-tiroir-boite-en-osier-relook\u00e9-560x420.jpg 560w\" sizes=\"(max-width: 680px) 100vw, 680px\" \/><\/a><\/p>\n<p>La sous couche de peinture noire prend tout son int\u00e9r\u00eat sur le pi\u00e9tement de la boite et sur les fa\u00e7ades des tiroirs.<\/p>\n<p><a href=\"http:\/\/latelierdemat.com\/wp-content\/uploads\/2018\/05\/D\u00e9tail-tiroir-boite-en-osier-relook\u00e9e.jpg\"><img loading=\"lazy\" class=\"aligncenter size-full wp-image-4294\" src=\"http:\/\/latelierdemat.com\/wp-content\/uploads\/2018\/05\/D\u00e9tail-tiroir-boite-en-osier-relook\u00e9e.jpg\" alt=\"\" width=\"680\" height=\"510\" srcset=\"https:\/\/latelierdemat.com\/wp-content\/uploads\/2018\/05\/D\u00e9tail-tiroir-boite-en-osier-relook\u00e9e.jpg 680w, https:\/\/latelierdemat.com\/wp-content\/uploads\/2018\/05\/D\u00e9tail-tiroir-boite-en-osier-relook\u00e9e-400x300.jpg 400w, https:\/\/latelierdemat.com\/wp-content\/uploads\/2018\/05\/D\u00e9tail-tiroir-boite-en-osier-relook\u00e9e-200x150.jpg 200w, https:\/\/latelierdemat.com\/wp-content\/uploads\/2018\/05\/D\u00e9tail-tiroir-boite-en-osier-relook\u00e9e-560x420.jpg 560w\" sizes=\"(max-width: 680px) 100vw, 680px\" \/><\/a><\/p>\n<p><a href=\"http:\/\/latelierdemat.com\/wp-content\/uploads\/2018\/05\/Apercu-boite-en-osier-restyl\u00e9e.jpg\"><img loading=\"lazy\" class=\"aligncenter size-full wp-image-4296\" src=\"http:\/\/latelierdemat.com\/wp-content\/uploads\/2018\/05\/Apercu-boite-en-osier-restyl\u00e9e.jpg\" alt=\"\" width=\"680\" height=\"510\" srcset=\"https:\/\/latelierdemat.com\/wp-content\/uploads\/2018\/05\/Apercu-boite-en-osier-restyl\u00e9e.jpg 680w, https:\/\/latelierdemat.com\/wp-content\/uploads\/2018\/05\/Apercu-boite-en-osier-restyl\u00e9e-400x300.jpg 400w, https:\/\/latelierdemat.com\/wp-content\/uploads\/2018\/05\/Apercu-boite-en-osier-restyl\u00e9e-200x150.jpg 200w, https:\/\/latelierdemat.com\/wp-content\/uploads\/2018\/05\/Apercu-boite-en-osier-restyl\u00e9e-560x420.jpg 560w\" sizes=\"(max-width: 680px) 100vw, 680px\" \/><\/a><\/p>\n<p>A noter que si vous aussi vous voulez peindre de l&rsquo;osier et lui donner un petit coup de patine, il faut y aller doucement car la peinture part plus vite que sur le bois. Quelques l\u00e9gers coup de papier \u00e0 poncer par ci par l\u00e0 auront suffit ici pour donner un look us\u00e9.<\/p>\n<p><a href=\"http:\/\/latelierdemat.com\/wp-content\/uploads\/2018\/05\/Boite-en-osier-couleur-ivoire.jpg\"><img loading=\"lazy\" class=\"aligncenter size-full wp-image-4297\" src=\"http:\/\/latelierdemat.com\/wp-content\/uploads\/2018\/05\/Boite-en-osier-couleur-ivoire.jpg\" alt=\"\" width=\"680\" height=\"510\" srcset=\"https:\/\/latelierdemat.com\/wp-content\/uploads\/2018\/05\/Boite-en-osier-couleur-ivoire.jpg 680w, https:\/\/latelierdemat.com\/wp-content\/uploads\/2018\/05\/Boite-en-osier-couleur-ivoire-400x300.jpg 400w, https:\/\/latelierdemat.com\/wp-content\/uploads\/2018\/05\/Boite-en-osier-couleur-ivoire-200x150.jpg 200w, https:\/\/latelierdemat.com\/wp-content\/uploads\/2018\/05\/Boite-en-osier-couleur-ivoire-560x420.jpg 560w\" sizes=\"(max-width: 680px) 100vw, 680px\" \/><\/a><\/p>\n<p>Cette petite boite a de suite \u00e9t\u00e9 adopt\u00e9e par la famille ;). On l&rsquo;utilise pour ranger les \u00ab\u00a0m\u00e9dicaments\u00a0\u00bb courants comme l\u2019aspirine ou encore les cr\u00e8mes anti-bobos des enfants. Gr\u00e2ce aux 4 tiroirs tout est bien s\u00e9par\u00e9 et facile d&rsquo;acc\u00e8s.<\/p>\n<p>Le prochain projet sera , si tout se basse bien, un peu plus gros puisqu&rsquo;il s&rsquo;agira de la deuxi\u00e8me et derni\u00e8re partie de l\u2019article sur<a href=\"http:\/\/latelierdemat.com\/?p=3788\" target=\"_blank\" rel=\"noopener\"> la transformation d&rsquo;un piano en bureau<\/a>. Je sais que beaucoup d&rsquo;entre vous l&rsquo;attendent et j&rsquo;ai h\u00e2te de vous monter le r\u00e9sultat final \ud83d\ude09 .<\/p>\n<p>La bise<\/p>\n<p>Mat<\/p>\n<p><a href=\"http:\/\/latelierdemat.com\/wp-content\/uploads\/2018\/05\/Relooking-dune-boite-avec-un-motif-Grainsack.png\"><img loading=\"lazy\" class=\"aligncenter size-full wp-image-4319\" src=\"http:\/\/latelierdemat.com\/wp-content\/uploads\/2018\/05\/Relooking-dune-boite-avec-un-motif-Grainsack.png\" alt=\"\" width=\"732\" height=\"1200\" srcset=\"https:\/\/latelierdemat.com\/wp-content\/uploads\/2018\/05\/Relooking-dune-boite-avec-un-motif-Grainsack.png 732w, https:\/\/latelierdemat.com\/wp-content\/uploads\/2018\/05\/Relooking-dune-boite-avec-un-motif-Grainsack-400x656.png 400w, https:\/\/latelierdemat.com\/wp-content\/uploads\/2018\/05\/Relooking-dune-boite-avec-un-motif-Grainsack-122x200.png 122w, https:\/\/latelierdemat.com\/wp-content\/uploads\/2018\/05\/Relooking-dune-boite-avec-un-motif-Grainsack-625x1024.png 625w, https:\/\/latelierdemat.com\/wp-content\/uploads\/2018\/05\/Relooking-dune-boite-avec-un-motif-Grainsack-560x918.png 560w\" sizes=\"(max-width: 732px) 100vw, 732px\" \/><\/a><\/p>\n","protected":false},"excerpt":{"rendered":"<p>Parfois il ne faut pas aller bien loin pour trouver un petit meuble sympa \u00e0 relooker. La preuve est que j&rsquo;ai r\u00e9cup\u00e9r\u00e9 cette boite chez mon ami et voisin David. Elle \u00e9tait pos\u00e9e dans un coin de sa terrasse, et apr\u00e8s l&rsquo;avoir remarqu\u00e9e pendant plusieurs jours j&rsquo;ai fini par lui demander ce qu&rsquo;il en ferait. <a class=\"moretag\" href=\"https:\/\/latelierdemat.com\/?p=4275\"> Lire la suite&#8230;<\/a><\/p>\n","protected":false},"author":3,"featured_media":4323,"comment_status":"open","ping_status":"open","sticky":false,"template":"","format":"standard","meta":{"_mi_skip_tracking":false,"_monsterinsights_sitenote_active":false,"_monsterinsights_sitenote_note":"","_monsterinsights_sitenote_category":0,"spay_email":""},"categories":[10],"tags":[],"yoast_head":"<!-- This site is optimized with the Yoast SEO plugin v18.3 - https:\/\/yoast.com\/wordpress\/plugins\/seo\/ -->\n<title>Une boite en osier avec un motif grainsack - L&#039;atelier de Mat<\/title>\n<meta name=\"description\" content=\"Cette petite boite r\u00e9cup\u00e9r\u00e9e \u00e0 la poubelle n&#039;avait pas besoin de beaucoup de chose pour retrouver un look plus sympa. Un petit peu de peinture, des nouvelles poign\u00e9es patin\u00e9es &quot;maison&quot; et un motif &quot;sac \u00e0 grains&quot; auront suffit \u00e0 lui donner une nouvelle vie.\" \/>\n<meta name=\"robots\" content=\"index, follow, max-snippet:-1, max-image-preview:large, max-video-preview:-1\" \/>\n<link rel=\"canonical\" href=\"https:\/\/latelierdemat.com\/?p=4275\" \/>\n<meta property=\"og:locale\" content=\"fr_FR\" \/>\n<meta property=\"og:type\" content=\"article\" \/>\n<meta property=\"og:title\" content=\"Une boite en osier avec un motif grainsack - L&#039;atelier de Mat\" \/>\n<meta property=\"og:description\" content=\"Cette petite boite r\u00e9cup\u00e9r\u00e9e \u00e0 la poubelle n&#039;avait pas besoin de beaucoup de chose pour retrouver un look plus sympa. Un petit peu de peinture, des nouvelles poign\u00e9es patin\u00e9es &quot;maison&quot; et un motif &quot;sac \u00e0 grains&quot; auront suffit \u00e0 lui donner une nouvelle vie.\" \/>\n<meta property=\"og:url\" content=\"https:\/\/latelierdemat.com\/?p=4275\" \/>\n<meta property=\"og:site_name\" content=\"L&#039;atelier de Mat\" \/>\n<meta property=\"article:publisher\" content=\"http:\/\/facebook.com\/latelierdemat\" \/>\n<meta property=\"article:published_time\" content=\"2018-05-18T08:54:35+00:00\" \/>\n<meta property=\"og:image\" content=\"https:\/\/latelierdemat.com\/wp-content\/uploads\/2018\/05\/Relooker-une-boite-en-osier-avec-motif-gainsack.jpg\" \/>\n\t<meta property=\"og:image:width\" content=\"400\" \/>\n\t<meta property=\"og:image:height\" content=\"400\" \/>\n\t<meta property=\"og:image:type\" content=\"image\/jpeg\" \/>\n<meta name=\"twitter:card\" content=\"summary\" \/>\n<meta name=\"twitter:creator\" content=\"@latelierdemat\" \/>\n<meta name=\"twitter:site\" content=\"@latelierdemat\" \/>\n<meta name=\"twitter:label1\" content=\"\u00c9crit par\" \/>\n\t<meta name=\"twitter:data1\" content=\"Mat\" \/>\n\t<meta name=\"twitter:label2\" content=\"Dur\u00e9e de lecture estim\u00e9e\" \/>\n\t<meta name=\"twitter:data2\" content=\"6 minutes\" \/>\n<script type=\"application\/ld+json\" class=\"yoast-schema-graph\">{\"@context\":\"https:\/\/schema.org\",\"@graph\":[{\"@type\":\"WebSite\",\"@id\":\"https:\/\/latelierdemat.com\/#website\",\"url\":\"https:\/\/latelierdemat.com\/\",\"name\":\"L&#039;atelier de Mat\",\"description\":\"#r\u00e9cup\u00e9rer #restaurer #r\u00e9inventer\",\"potentialAction\":[{\"@type\":\"SearchAction\",\"target\":{\"@type\":\"EntryPoint\",\"urlTemplate\":\"https:\/\/latelierdemat.com\/?s={search_term_string}\"},\"query-input\":\"required name=search_term_string\"}],\"inLanguage\":\"fr-FR\"},{\"@type\":\"ImageObject\",\"@id\":\"https:\/\/latelierdemat.com\/?p=4275#primaryimage\",\"inLanguage\":\"fr-FR\",\"url\":\"https:\/\/latelierdemat.com\/wp-content\/uploads\/2018\/05\/Relooker-une-boite-en-osier-avec-motif-gainsack.jpg\",\"contentUrl\":\"https:\/\/latelierdemat.com\/wp-content\/uploads\/2018\/05\/Relooker-une-boite-en-osier-avec-motif-gainsack.jpg\",\"width\":400,\"height\":400},{\"@type\":\"WebPage\",\"@id\":\"https:\/\/latelierdemat.com\/?p=4275#webpage\",\"url\":\"https:\/\/latelierdemat.com\/?p=4275\",\"name\":\"Une boite en osier avec un motif grainsack - L&#039;atelier de Mat\",\"isPartOf\":{\"@id\":\"https:\/\/latelierdemat.com\/#website\"},\"primaryImageOfPage\":{\"@id\":\"https:\/\/latelierdemat.com\/?p=4275#primaryimage\"},\"datePublished\":\"2018-05-18T08:54:35+00:00\",\"dateModified\":\"2018-05-18T08:54:35+00:00\",\"author\":{\"@id\":\"https:\/\/latelierdemat.com\/#\/schema\/person\/8a5ae2a2c36adb8a62a1ad784fbcaf98\"},\"description\":\"Cette petite boite r\u00e9cup\u00e9r\u00e9e \u00e0 la poubelle n'avait pas besoin de beaucoup de chose pour retrouver un look plus sympa. Un petit peu de peinture, des nouvelles poign\u00e9es patin\u00e9es \\\"maison\\\" et un motif \\\"sac \u00e0 grains\\\" auront suffit \u00e0 lui donner une nouvelle vie.\",\"breadcrumb\":{\"@id\":\"https:\/\/latelierdemat.com\/?p=4275#breadcrumb\"},\"inLanguage\":\"fr-FR\",\"potentialAction\":[{\"@type\":\"ReadAction\",\"target\":[\"https:\/\/latelierdemat.com\/?p=4275\"]}]},{\"@type\":\"BreadcrumbList\",\"@id\":\"https:\/\/latelierdemat.com\/?p=4275#breadcrumb\",\"itemListElement\":[{\"@type\":\"ListItem\",\"position\":1,\"name\":\"Accueil\",\"item\":\"https:\/\/latelierdemat.com\/\"},{\"@type\":\"ListItem\",\"position\":2,\"name\":\"Une boite en osier avec un motif grainsack\"}]},{\"@type\":\"Person\",\"@id\":\"https:\/\/latelierdemat.com\/#\/schema\/person\/8a5ae2a2c36adb8a62a1ad784fbcaf98\",\"name\":\"Mat\",\"image\":{\"@type\":\"ImageObject\",\"@id\":\"https:\/\/latelierdemat.com\/#personlogo\",\"inLanguage\":\"fr-FR\",\"url\":\"https:\/\/secure.gravatar.com\/avatar\/514074b8b21591ae84355f7c1eddab3c?s=96&d=mm&r=g\",\"contentUrl\":\"https:\/\/secure.gravatar.com\/avatar\/514074b8b21591ae84355f7c1eddab3c?s=96&d=mm&r=g\",\"caption\":\"Mat\"}}]}<\/script>\n<!-- \/ Yoast SEO plugin. -->","yoast_head_json":{"title":"Une boite en osier avec un motif grainsack - L&#039;atelier de Mat","description":"Cette petite boite r\u00e9cup\u00e9r\u00e9e \u00e0 la poubelle n'avait pas besoin de beaucoup de chose pour retrouver un look plus sympa. Un petit peu de peinture, des nouvelles poign\u00e9es patin\u00e9es \"maison\" et un motif \"sac \u00e0 grains\" auront suffit \u00e0 lui donner une nouvelle vie.","robots":{"index":"index","follow":"follow","max-snippet":"max-snippet:-1","max-image-preview":"max-image-preview:large","max-video-preview":"max-video-preview:-1"},"canonical":"https:\/\/latelierdemat.com\/?p=4275","og_locale":"fr_FR","og_type":"article","og_title":"Une boite en osier avec un motif grainsack - L&#039;atelier de Mat","og_description":"Cette petite boite r\u00e9cup\u00e9r\u00e9e \u00e0 la poubelle n'avait pas besoin de beaucoup de chose pour retrouver un look plus sympa. Un petit peu de peinture, des nouvelles poign\u00e9es patin\u00e9es \"maison\" et un motif \"sac \u00e0 grains\" auront suffit \u00e0 lui donner une nouvelle vie.","og_url":"https:\/\/latelierdemat.com\/?p=4275","og_site_name":"L&#039;atelier de Mat","article_publisher":"http:\/\/facebook.com\/latelierdemat","article_published_time":"2018-05-18T08:54:35+00:00","og_image":[{"width":400,"height":400,"url":"https:\/\/latelierdemat.com\/wp-content\/uploads\/2018\/05\/Relooker-une-boite-en-osier-avec-motif-gainsack.jpg","type":"image\/jpeg"}],"twitter_card":"summary","twitter_creator":"@latelierdemat","twitter_site":"@latelierdemat","twitter_misc":{"\u00c9crit par":"Mat","Dur\u00e9e de lecture estim\u00e9e":"6 minutes"},"schema":{"@context":"https:\/\/schema.org","@graph":[{"@type":"WebSite","@id":"https:\/\/latelierdemat.com\/#website","url":"https:\/\/latelierdemat.com\/","name":"L&#039;atelier de Mat","description":"#r\u00e9cup\u00e9rer #restaurer #r\u00e9inventer","potentialAction":[{"@type":"SearchAction","target":{"@type":"EntryPoint","urlTemplate":"https:\/\/latelierdemat.com\/?s={search_term_string}"},"query-input":"required name=search_term_string"}],"inLanguage":"fr-FR"},{"@type":"ImageObject","@id":"https:\/\/latelierdemat.com\/?p=4275#primaryimage","inLanguage":"fr-FR","url":"https:\/\/latelierdemat.com\/wp-content\/uploads\/2018\/05\/Relooker-une-boite-en-osier-avec-motif-gainsack.jpg","contentUrl":"https:\/\/latelierdemat.com\/wp-content\/uploads\/2018\/05\/Relooker-une-boite-en-osier-avec-motif-gainsack.jpg","width":400,"height":400},{"@type":"WebPage","@id":"https:\/\/latelierdemat.com\/?p=4275#webpage","url":"https:\/\/latelierdemat.com\/?p=4275","name":"Une boite en osier avec un motif grainsack - L&#039;atelier de Mat","isPartOf":{"@id":"https:\/\/latelierdemat.com\/#website"},"primaryImageOfPage":{"@id":"https:\/\/latelierdemat.com\/?p=4275#primaryimage"},"datePublished":"2018-05-18T08:54:35+00:00","dateModified":"2018-05-18T08:54:35+00:00","author":{"@id":"https:\/\/latelierdemat.com\/#\/schema\/person\/8a5ae2a2c36adb8a62a1ad784fbcaf98"},"description":"Cette petite boite r\u00e9cup\u00e9r\u00e9e \u00e0 la poubelle n'avait pas besoin de beaucoup de chose pour retrouver un look plus sympa. Un petit peu de peinture, des nouvelles poign\u00e9es patin\u00e9es \"maison\" et un motif \"sac \u00e0 grains\" auront suffit \u00e0 lui donner une nouvelle vie.","breadcrumb":{"@id":"https:\/\/latelierdemat.com\/?p=4275#breadcrumb"},"inLanguage":"fr-FR","potentialAction":[{"@type":"ReadAction","target":["https:\/\/latelierdemat.com\/?p=4275"]}]},{"@type":"BreadcrumbList","@id":"https:\/\/latelierdemat.com\/?p=4275#breadcrumb","itemListElement":[{"@type":"ListItem","position":1,"name":"Accueil","item":"https:\/\/latelierdemat.com\/"},{"@type":"ListItem","position":2,"name":"Une boite en osier avec un motif grainsack"}]},{"@type":"Person","@id":"https:\/\/latelierdemat.com\/#\/schema\/person\/8a5ae2a2c36adb8a62a1ad784fbcaf98","name":"Mat","image":{"@type":"ImageObject","@id":"https:\/\/latelierdemat.com\/#personlogo","inLanguage":"fr-FR","url":"https:\/\/secure.gravatar.com\/avatar\/514074b8b21591ae84355f7c1eddab3c?s=96&d=mm&r=g","contentUrl":"https:\/\/secure.gravatar.com\/avatar\/514074b8b21591ae84355f7c1eddab3c?s=96&d=mm&r=g","caption":"Mat"}}]}},"jetpack_featured_media_url":"https:\/\/latelierdemat.com\/wp-content\/uploads\/2018\/05\/Relooker-une-boite-en-osier-avec-motif-gainsack.jpg","jetpack-related-posts":[{"id":4179,"url":"https:\/\/latelierdemat.com\/?p=4179","url_meta":{"origin":4275,"position":0},"title":"Une bo\u00eete \u00ab\u00a02.0\u00a0\u00bb pour charger ses t\u00e9l\u00e9phones","date":"20 avril 2018","format":false,"excerpt":"Les t\u00e9l\u00e9phones portables et tablettes ont certes chang\u00e9 notre mode de vie mais vous serez d'accord avec moi pour dire que tous les c\u00e2bles et chargeurs qui vont avec sont une vraie gal\u00e8re. Ils ont une f\u00e2cheuse tendance \u00e0 trainer, \u00e0 s'emm\u00ealer et cela prend de la place. Je vous\u2026","rel":"","context":"Dans &quot;Restylage&quot;","img":{"alt_text":"","src":"https:\/\/i2.wp.com\/latelierdemat.com\/wp-content\/uploads\/2018\/04\/Boite-\u00e0-pain-reocnvertie-en-centre-de-charge-t\u00e9l\u00e9phones.jpg?resize=350%2C200&ssl=1","width":350,"height":200},"classes":[]},{"id":4956,"url":"https:\/\/latelierdemat.com\/?p=4956","url_meta":{"origin":4275,"position":1},"title":"Donner un \u00ab\u00a0style Indus\u00a0\u00bb \u00e0 une boite toute simple","date":"16 novembre 2018","format":false,"excerpt":"Qui n'a pas ou n'a jamais eu au moins une fois dans sa vie, ce genre d'\u00e9tui \u00e0 bouteille dans un placard et qui s'est dit qu'il pourrait en faire quelque chose ? Je suis s\u00fbr que beaucoup d'entre vous se reconna\u00eetront ;). Alors oui je ne d\u00e9roge pas \u00e0\u2026","rel":"","context":"Dans &quot;DIY&quot;","img":{"alt_text":"","src":"https:\/\/i0.wp.com\/latelierdemat.com\/wp-content\/uploads\/2018\/11\/Boite-a-whisky-relookee-en-style-indus.png?resize=350%2C200&ssl=1","width":350,"height":200},"classes":[]},{"id":5728,"url":"https:\/\/latelierdemat.com\/?p=5728","url_meta":{"origin":4275,"position":2},"title":"Customiser des boites avec un vieux cadre","date":"14 juin 2019","format":false,"excerpt":"Me voila enfin de retour avec un tout nouvel article. Le mois de Mai est tout le temps tr\u00e8s charg\u00e9 de mon cot\u00e9 avec des anniversaires (mariage\/le mien\/celui de ma femme) d'une part et beaucoup d'activit\u00e9s de fin d'ann\u00e9e scolaire :D . \u00c7a c'est pour les trucs fun ! Mais\u2026","rel":"","context":"Dans &quot;Cadre&quot;","img":{"alt_text":"","src":"https:\/\/i0.wp.com\/latelierdemat.com\/wp-content\/uploads\/2019\/06\/R\u00e9utiliser-un-vieux-cadre-pour-faire-des-boites-d\u00e9co.png?resize=350%2C200&ssl=1","width":350,"height":200},"classes":[]},{"id":4898,"url":"https:\/\/latelierdemat.com\/?p=4898","url_meta":{"origin":4275,"position":3},"title":"Un cadre \u00e0 bijoux r\u00e9alis\u00e9 \u00e0 partir d&rsquo;une boite \u00e0 cl\u00e9s.","date":"2 novembre 2018","format":false,"excerpt":"Hello les amis. Connaissez vous Facebook Market? Si oui, je ne vous apprends rien mais pour ceux qui ne connaissent pas encore, attention on peut vite devenir accro ;). C'est tellement facile \u00e0 utiliser que j'en ai un peu abus\u00e9 derni\u00e8rement, et c'est bien assis au chaud dans mon canap\u00e9\u2026","rel":"","context":"Dans &quot;Cadre&quot;","img":{"alt_text":"","src":"https:\/\/i0.wp.com\/latelierdemat.com\/wp-content\/uploads\/2018\/11\/Cadre-a-bijoux-relooke.png?resize=350%2C200&ssl=1","width":350,"height":200},"classes":[]},{"id":5179,"url":"https:\/\/latelierdemat.com\/?p=5179","url_meta":{"origin":4275,"position":4},"title":"La r\u00e9tro des projets de l&rsquo;ann\u00e9e 2018","date":"12 janvier 2019","format":false,"excerpt":"Une nouvelle ann\u00e9e qui commence est synonyme de pleins de nouveaux projets et \u00e7a c'est trop bien ! ;). Mais comme dit l'adage, pour savoir o\u00f9 l'on va il faut savoir d'o\u00f9 l'on vient. Je me suis donc dit que de faire un article d\u00e9di\u00e9 aux projets de l'ann\u00e9e pass\u00e9e\u2026","rel":"","context":"Dans &quot;Top&quot;","img":{"alt_text":"","src":"https:\/\/i1.wp.com\/latelierdemat.com\/wp-content\/uploads\/2019\/01\/Les-relooking-de-2018.png?resize=350%2C200&ssl=1","width":350,"height":200},"classes":[]},{"id":3340,"url":"https:\/\/latelierdemat.com\/?p=3340","url_meta":{"origin":4275,"position":5},"title":"Recycler une chaise en vide poche mural","date":"4 octobre 2017","format":false,"excerpt":"Il y a quelques temps, pour r\u00e9parer une petite table, une travailleuse pour \u00eatre pr\u00e9cis, j'avais d\u00fb \"emprunter\" les pieds avant de cette chaise et depuis j'avais donc celle-ci qui \u00e9tait suspendue \u00e0 un crochet de l'atelier.\u00a0 Outre le fait que je commence \u00e0 manquer d'espace \u00e0 force, une petite\u2026","rel":"","context":"Dans &quot;DIY&quot;","img":{"alt_text":"","src":"https:\/\/i1.wp.com\/latelierdemat.com\/wp-content\/uploads\/2017\/10\/Vide-poche-Shabby.jpg?resize=350%2C200&ssl=1","width":350,"height":200},"classes":[]}],"jetpack_likes_enabled":true,"_links":{"self":[{"href":"https:\/\/latelierdemat.com\/index.php?rest_route=\/wp\/v2\/posts\/4275"}],"collection":[{"href":"https:\/\/latelierdemat.com\/index.php?rest_route=\/wp\/v2\/posts"}],"about":[{"href":"https:\/\/latelierdemat.com\/index.php?rest_route=\/wp\/v2\/types\/post"}],"author":[{"embeddable":true,"href":"https:\/\/latelierdemat.com\/index.php?rest_route=\/wp\/v2\/users\/3"}],"replies":[{"embeddable":true,"href":"https:\/\/latelierdemat.com\/index.php?rest_route=%2Fwp%2Fv2%2Fcomments&post=4275"}],"version-history":[{"count":21,"href":"https:\/\/latelierdemat.com\/index.php?rest_route=\/wp\/v2\/posts\/4275\/revisions"}],"predecessor-version":[{"id":4321,"href":"https:\/\/latelierdemat.com\/index.php?rest_route=\/wp\/v2\/posts\/4275\/revisions\/4321"}],"wp:featuredmedia":[{"embeddable":true,"href":"https:\/\/latelierdemat.com\/index.php?rest_route=\/wp\/v2\/media\/4323"}],"wp:attachment":[{"href":"https:\/\/latelierdemat.com\/index.php?rest_route=%2Fwp%2Fv2%2Fmedia&parent=4275"}],"wp:term":[{"taxonomy":"category","embeddable":true,"href":"https:\/\/latelierdemat.com\/index.php?rest_route=%2Fwp%2Fv2%2Fcategories&post=4275"},{"taxonomy":"post_tag","embeddable":true,"href":"https:\/\/latelierdemat.com\/index.php?rest_route=%2Fwp%2Fv2%2Ftags&post=4275"}],"curies":[{"name":"wp","href":"https:\/\/api.w.org\/{rel}","templated":true}]}}