{"id":4325,"date":"2018-06-06T17:58:34","date_gmt":"2018-06-06T15:58:34","guid":{"rendered":"http:\/\/latelierdemat.com\/?p=4325"},"modified":"2018-06-06T17:58:34","modified_gmt":"2018-06-06T15:58:34","slug":"adapter-un-piano-droit-en-bureau","status":"publish","type":"post","link":"https:\/\/latelierdemat.com\/?p=4325","title":{"rendered":"Adapter un piano droit en bureau"},"content":{"rendered":"<p>Cet article est la suite et la fin de l&rsquo;article <a href=\"http:\/\/latelierdemat.com\/?p=3788\" target=\"_blank\" rel=\"noopener\">Adapter un piano en bureau Partie 1<\/a>. Pour comprendre ce qui suit , il vaut donc mieux jeter un coup d&rsquo;\u0153il au d\u00e9but de cette transformation pour bien suivre \ud83d\ude09 .<\/p>\n<p>Dans la premi\u00e8re partie , je m\u2019\u00e9tais arr\u00eat\u00e9 \u00e0 la fixation du plateau. Apr\u00e8s cette \u00e9tape j&rsquo;ai fix\u00e9 une planche afin d&rsquo;habiller les traces de la d\u00e9coupe de la poutre. Je ne suis pas encore un expert de la tron\u00e7onneuse donc il y avait quelques d\u00e9fauts ;). Cela va permettre d&rsquo;avoir un support bien propre pour la peinture et surtout une surface plane pour la fixation du reste des \u00e9l\u00e9ments.<\/p>\n<p><a href=\"http:\/\/latelierdemat.com\/wp-content\/uploads\/2018\/05\/Coffrage-haut-piano.jpg\"><img loading=\"lazy\" class=\"aligncenter size-full wp-image-4326\" src=\"http:\/\/latelierdemat.com\/wp-content\/uploads\/2018\/05\/Coffrage-haut-piano.jpg\" alt=\"\" width=\"680\" height=\"510\" srcset=\"https:\/\/latelierdemat.com\/wp-content\/uploads\/2018\/05\/Coffrage-haut-piano.jpg 680w, https:\/\/latelierdemat.com\/wp-content\/uploads\/2018\/05\/Coffrage-haut-piano-400x300.jpg 400w, https:\/\/latelierdemat.com\/wp-content\/uploads\/2018\/05\/Coffrage-haut-piano-200x150.jpg 200w, https:\/\/latelierdemat.com\/wp-content\/uploads\/2018\/05\/Coffrage-haut-piano-560x420.jpg 560w\" sizes=\"(max-width: 680px) 100vw, 680px\" \/><\/a><\/p>\n<p>Dans Les r\u00e9cups , je vous avais pr\u00e9sent\u00e9 un meuble Ik\u00e9a que j&rsquo;avais trouv\u00e9 sur un trottoir. J&rsquo;avais \u00e9mis l\u2019hypoth\u00e8se de m&rsquo;en servir comme \u00ab\u00a0donneur d&rsquo;organes\u00a0\u00bb ne souhaitant pas le relooker \u00e0 l&rsquo;\u00e9poque . Et bien il faut croire que j&rsquo;ai de la suite dans les id\u00e9es car voici ce meuble d\u00e9sormais \ud83d\ude09 , sous la joli forme d&rsquo;un tas de planches de super qualit\u00e9.<\/p>\n<p><a href=\"http:\/\/latelierdemat.com\/wp-content\/uploads\/2018\/05\/Planches-meubles-IKEA.jpg\"><img loading=\"lazy\" class=\"aligncenter size-full wp-image-4327\" src=\"http:\/\/latelierdemat.com\/wp-content\/uploads\/2018\/05\/Planches-meubles-IKEA.jpg\" alt=\"\" width=\"680\" height=\"907\" srcset=\"https:\/\/latelierdemat.com\/wp-content\/uploads\/2018\/05\/Planches-meubles-IKEA.jpg 680w, https:\/\/latelierdemat.com\/wp-content\/uploads\/2018\/05\/Planches-meubles-IKEA-400x534.jpg 400w, https:\/\/latelierdemat.com\/wp-content\/uploads\/2018\/05\/Planches-meubles-IKEA-150x200.jpg 150w, https:\/\/latelierdemat.com\/wp-content\/uploads\/2018\/05\/Planches-meubles-IKEA-560x747.jpg 560w\" sizes=\"(max-width: 680px) 100vw, 680px\" \/><\/a><\/p>\n<p>Sur une planche qui servait d\u2019\u00e9tag\u00e8re dans le meuble d&rsquo;origine, j&rsquo;ai trac\u00e9 les contours de deux petites \u00e9tag\u00e8res que je souhaitait int\u00e9grer au piano puis je les ai d\u00e9coup\u00e9es \u00e0 la scie sauteuse.<\/p>\n<p><a href=\"http:\/\/latelierdemat.com\/wp-content\/uploads\/2018\/05\/D\u00e9coupe-des-etageres.jpg\"><img loading=\"lazy\" class=\"aligncenter size-full wp-image-4329\" src=\"http:\/\/latelierdemat.com\/wp-content\/uploads\/2018\/05\/D\u00e9coupe-des-etageres.jpg\" alt=\"\" width=\"680\" height=\"510\" srcset=\"https:\/\/latelierdemat.com\/wp-content\/uploads\/2018\/05\/D\u00e9coupe-des-etageres.jpg 680w, https:\/\/latelierdemat.com\/wp-content\/uploads\/2018\/05\/D\u00e9coupe-des-etageres-400x300.jpg 400w, https:\/\/latelierdemat.com\/wp-content\/uploads\/2018\/05\/D\u00e9coupe-des-etageres-200x150.jpg 200w, https:\/\/latelierdemat.com\/wp-content\/uploads\/2018\/05\/D\u00e9coupe-des-etageres-560x420.jpg 560w\" sizes=\"(max-width: 680px) 100vw, 680px\" \/><\/a><\/p>\n<p>Avant de pouvoir les mettre en place j&rsquo;ai continu\u00e9 \u00e0 \u00ab\u00a0habiller\u00a0\u00bb l\u2019int\u00e9rieur du piano. Toujours \u00e0 l&rsquo;aide de mon pistolet \u00e0 clous pneumatique, j&rsquo;ai fix\u00e9 une planche sur chaque montant afin d&rsquo;obtenir un support pour les \u00e9tag\u00e8res.<\/p>\n<p><a href=\"http:\/\/latelierdemat.com\/wp-content\/uploads\/2018\/05\/Parement-cot\u00e9-piano.jpg\"><img loading=\"lazy\" class=\"aligncenter size-full wp-image-4330\" src=\"http:\/\/latelierdemat.com\/wp-content\/uploads\/2018\/05\/Parement-cot\u00e9-piano.jpg\" alt=\"\" width=\"680\" height=\"510\" srcset=\"https:\/\/latelierdemat.com\/wp-content\/uploads\/2018\/05\/Parement-cot\u00e9-piano.jpg 680w, https:\/\/latelierdemat.com\/wp-content\/uploads\/2018\/05\/Parement-cot\u00e9-piano-400x300.jpg 400w, https:\/\/latelierdemat.com\/wp-content\/uploads\/2018\/05\/Parement-cot\u00e9-piano-200x150.jpg 200w, https:\/\/latelierdemat.com\/wp-content\/uploads\/2018\/05\/Parement-cot\u00e9-piano-560x420.jpg 560w\" sizes=\"(max-width: 680px) 100vw, 680px\" \/><\/a><\/p>\n<p>Et apr\u00e8s avoir mis en place la s\u00e9paration centrale, j&rsquo;ai clou\u00e9 les petites \u00e9tag\u00e8res.<\/p>\n<p><a href=\"http:\/\/latelierdemat.com\/wp-content\/uploads\/2018\/05\/Pose-etagere-piano.jpg\"><img loading=\"lazy\" class=\"aligncenter size-full wp-image-4331\" src=\"http:\/\/latelierdemat.com\/wp-content\/uploads\/2018\/05\/Pose-etagere-piano.jpg\" alt=\"\" width=\"680\" height=\"510\" srcset=\"https:\/\/latelierdemat.com\/wp-content\/uploads\/2018\/05\/Pose-etagere-piano.jpg 680w, https:\/\/latelierdemat.com\/wp-content\/uploads\/2018\/05\/Pose-etagere-piano-400x300.jpg 400w, https:\/\/latelierdemat.com\/wp-content\/uploads\/2018\/05\/Pose-etagere-piano-200x150.jpg 200w, https:\/\/latelierdemat.com\/wp-content\/uploads\/2018\/05\/Pose-etagere-piano-560x420.jpg 560w\" sizes=\"(max-width: 680px) 100vw, 680px\" \/><\/a><\/p>\n<p>L&rsquo;\u00e9tape suivante a consist\u00e9 \u00e0 parer les parties encore visibles dans cette partie du piano \u00e0 l&rsquo;aide de chutes de planches. Je peux vous garantir qu&rsquo;on appr\u00e9cie d&rsquo;utiliser un pistolet \u00e0 clous dans ces moments l\u00e0 car si j&rsquo;avais d\u00fb utiliser de la colle ou des vis cela aurait pris un temps fou ! \ud83d\ude09 .<\/p>\n<p><a href=\"http:\/\/latelierdemat.com\/wp-content\/uploads\/2018\/05\/Parement-etagere-haut-piano.jpg\"><img loading=\"lazy\" class=\"aligncenter size-full wp-image-4332\" src=\"http:\/\/latelierdemat.com\/wp-content\/uploads\/2018\/05\/Parement-etagere-haut-piano.jpg\" alt=\"\" width=\"680\" height=\"510\" srcset=\"https:\/\/latelierdemat.com\/wp-content\/uploads\/2018\/05\/Parement-etagere-haut-piano.jpg 680w, https:\/\/latelierdemat.com\/wp-content\/uploads\/2018\/05\/Parement-etagere-haut-piano-400x300.jpg 400w, https:\/\/latelierdemat.com\/wp-content\/uploads\/2018\/05\/Parement-etagere-haut-piano-200x150.jpg 200w, https:\/\/latelierdemat.com\/wp-content\/uploads\/2018\/05\/Parement-etagere-haut-piano-560x420.jpg 560w\" sizes=\"(max-width: 680px) 100vw, 680px\" \/><\/a><\/p>\n<p>La modification de la partie haute \u00e9tant termin\u00e9e, je suis pass\u00e9 \u00e0 l\u2019habillage du bas. Toujours dans un esprit r\u00e9cup, je me suis servi du morceau restant du grand plateau que j&rsquo;avais d\u00e9coup\u00e9 plus t\u00f4t. J&rsquo;y ai attach\u00e9 deux montants verticaux, encore issus des planches Ikea, afin de cr\u00e9er une s\u00e9paration centrale.<\/p>\n<p><img loading=\"lazy\" class=\"aligncenter size-full wp-image-4328\" src=\"http:\/\/latelierdemat.com\/wp-content\/uploads\/2018\/05\/Caisson-bas-piano.jpg\" alt=\"\" width=\"680\" height=\"510\" srcset=\"https:\/\/latelierdemat.com\/wp-content\/uploads\/2018\/05\/Caisson-bas-piano.jpg 680w, https:\/\/latelierdemat.com\/wp-content\/uploads\/2018\/05\/Caisson-bas-piano-400x300.jpg 400w, https:\/\/latelierdemat.com\/wp-content\/uploads\/2018\/05\/Caisson-bas-piano-200x150.jpg 200w, https:\/\/latelierdemat.com\/wp-content\/uploads\/2018\/05\/Caisson-bas-piano-560x420.jpg 560w\" sizes=\"(max-width: 680px) 100vw, 680px\" \/><\/p>\n<p>Apr\u00e8s mise en place, cela commence d\u00e9j\u00e0 plus \u00e0 ressembler \u00e0 un bureau non ? Pourtant \u00e0 ce moment l\u00e0 il este encore \u00e9norm\u00e9ment de travail pour arriver au r\u00e9sultat voulu alors ce n&rsquo;est pas le moment de s\u2019arr\u00eater ;).<\/p>\n<p><img loading=\"lazy\" class=\"aligncenter size-full wp-image-4346\" src=\"http:\/\/latelierdemat.com\/wp-content\/uploads\/2018\/05\/Piano-avant-peinture.jpg\" alt=\"\" width=\"680\" height=\"510\" srcset=\"https:\/\/latelierdemat.com\/wp-content\/uploads\/2018\/05\/Piano-avant-peinture.jpg 680w, https:\/\/latelierdemat.com\/wp-content\/uploads\/2018\/05\/Piano-avant-peinture-400x300.jpg 400w, https:\/\/latelierdemat.com\/wp-content\/uploads\/2018\/05\/Piano-avant-peinture-200x150.jpg 200w, https:\/\/latelierdemat.com\/wp-content\/uploads\/2018\/05\/Piano-avant-peinture-560x420.jpg 560w\" sizes=\"(max-width: 680px) 100vw, 680px\" \/><\/p>\n<p>Quand je transforme un meuble, j&rsquo;essaye toujours de r\u00e9utiliser des pi\u00e8ces de celui-ci quand c&rsquo;est possible. Ici un \u00e9l\u00e9ment du cadre que j&rsquo;avais d\u00fb scier, va me servir pour mettre de niveau les \u00ab\u00a0casiers\u00a0\u00bb du futur plateau de bureau.<\/p>\n<p><a href=\"http:\/\/latelierdemat.com\/wp-content\/uploads\/2018\/05\/Recyclage-bois-piano-1.jpg\"><img loading=\"lazy\" class=\"aligncenter size-full wp-image-4333\" src=\"http:\/\/latelierdemat.com\/wp-content\/uploads\/2018\/05\/Recyclage-bois-piano-1.jpg\" alt=\"\" width=\"680\" height=\"907\" srcset=\"https:\/\/latelierdemat.com\/wp-content\/uploads\/2018\/05\/Recyclage-bois-piano-1.jpg 680w, https:\/\/latelierdemat.com\/wp-content\/uploads\/2018\/05\/Recyclage-bois-piano-1-400x534.jpg 400w, https:\/\/latelierdemat.com\/wp-content\/uploads\/2018\/05\/Recyclage-bois-piano-1-150x200.jpg 150w, https:\/\/latelierdemat.com\/wp-content\/uploads\/2018\/05\/Recyclage-bois-piano-1-560x747.jpg 560w\" sizes=\"(max-width: 680px) 100vw, 680px\" \/><\/a><\/p>\n<p>Avec ma scie sur table j&rsquo;ai d\u00e9coup\u00e9 la pi\u00e8ce en trois morceaux, puis j&rsquo;ai recoup\u00e9 ceux ci \u00e0 la scie \u00e0 onglets pour les mettre aux c\u00f4tes finales avant de les fixer.\u00a0 Ce bois est magnifique, il n&rsquo;y a quasiment aucun n\u0153ud !<\/p>\n<p><a href=\"http:\/\/latelierdemat.com\/wp-content\/uploads\/2018\/05\/Recyclage-bois-piano-2.jpg\"><img loading=\"lazy\" class=\"aligncenter size-full wp-image-4334\" src=\"http:\/\/latelierdemat.com\/wp-content\/uploads\/2018\/05\/Recyclage-bois-piano-2.jpg\" alt=\"\" width=\"680\" height=\"907\" srcset=\"https:\/\/latelierdemat.com\/wp-content\/uploads\/2018\/05\/Recyclage-bois-piano-2.jpg 680w, https:\/\/latelierdemat.com\/wp-content\/uploads\/2018\/05\/Recyclage-bois-piano-2-400x534.jpg 400w, https:\/\/latelierdemat.com\/wp-content\/uploads\/2018\/05\/Recyclage-bois-piano-2-150x200.jpg 150w, https:\/\/latelierdemat.com\/wp-content\/uploads\/2018\/05\/Recyclage-bois-piano-2-560x747.jpg 560w\" sizes=\"(max-width: 680px) 100vw, 680px\" \/><\/a><\/p>\n<p>J&rsquo;ai r\u00e9ussi \u00e0 en extraire 6 tasseaux comme celui ci-dessous. Les tasseaux vont d\u00e9limiter les casiers du plateau et vont servir \u00e0 rattraper le niveau engendr\u00e9 par la suppression du clavier.<\/p>\n<p><a href=\"http:\/\/latelierdemat.com\/wp-content\/uploads\/2018\/05\/Coffrage-clavier-piano.jpg\"><img loading=\"lazy\" class=\"aligncenter size-full wp-image-4336\" src=\"http:\/\/latelierdemat.com\/wp-content\/uploads\/2018\/05\/Coffrage-clavier-piano.jpg\" alt=\"\" width=\"680\" height=\"510\" srcset=\"https:\/\/latelierdemat.com\/wp-content\/uploads\/2018\/05\/Coffrage-clavier-piano.jpg 680w, https:\/\/latelierdemat.com\/wp-content\/uploads\/2018\/05\/Coffrage-clavier-piano-400x300.jpg 400w, https:\/\/latelierdemat.com\/wp-content\/uploads\/2018\/05\/Coffrage-clavier-piano-200x150.jpg 200w, https:\/\/latelierdemat.com\/wp-content\/uploads\/2018\/05\/Coffrage-clavier-piano-560x420.jpg 560w\" sizes=\"(max-width: 680px) 100vw, 680px\" \/><\/a><\/p>\n<p>Et pour remplacer le clavier et faire un vrai plateau de bureau, j&rsquo;ai achet\u00e9 cette planche. J&rsquo;en ai choisi une de qualit\u00e9 afin que le bois soit assez dur et qu&rsquo;il n&rsquo;y ait pas trop de n\u0153ud car celle-ci sera teinte et non peinte. J&rsquo;ai commenc\u00e9 par la r\u00e9duire d&rsquo;une dizaine de centim\u00e8tres sur toute sa longueur. La chute servira plus tard pour fixer les charni\u00e8res.<\/p>\n<p><a href=\"http:\/\/latelierdemat.com\/wp-content\/uploads\/2018\/05\/Planche-en-pin.jpg\"><img loading=\"lazy\" class=\"aligncenter size-full wp-image-4335\" src=\"http:\/\/latelierdemat.com\/wp-content\/uploads\/2018\/05\/Planche-en-pin.jpg\" alt=\"\" width=\"680\" height=\"907\" srcset=\"https:\/\/latelierdemat.com\/wp-content\/uploads\/2018\/05\/Planche-en-pin.jpg 680w, https:\/\/latelierdemat.com\/wp-content\/uploads\/2018\/05\/Planche-en-pin-400x534.jpg 400w, https:\/\/latelierdemat.com\/wp-content\/uploads\/2018\/05\/Planche-en-pin-150x200.jpg 150w, https:\/\/latelierdemat.com\/wp-content\/uploads\/2018\/05\/Planche-en-pin-560x747.jpg 560w\" sizes=\"(max-width: 680px) 100vw, 680px\" \/><\/a><\/p>\n<p>Avec ma scie \u00e0 onglets, j&rsquo;ai ensuite d\u00e9bit\u00e9 les trois parties qui constitueront le plateau.<\/p>\n<p><a href=\"http:\/\/latelierdemat.com\/wp-content\/uploads\/2018\/05\/D\u00e9coupe-plateau-piano.jpg\"><img loading=\"lazy\" class=\"aligncenter size-full wp-image-4337\" src=\"http:\/\/latelierdemat.com\/wp-content\/uploads\/2018\/05\/D\u00e9coupe-plateau-piano.jpg\" alt=\"\" width=\"680\" height=\"510\" srcset=\"https:\/\/latelierdemat.com\/wp-content\/uploads\/2018\/05\/D\u00e9coupe-plateau-piano.jpg 680w, https:\/\/latelierdemat.com\/wp-content\/uploads\/2018\/05\/D\u00e9coupe-plateau-piano-400x300.jpg 400w, https:\/\/latelierdemat.com\/wp-content\/uploads\/2018\/05\/D\u00e9coupe-plateau-piano-200x150.jpg 200w, https:\/\/latelierdemat.com\/wp-content\/uploads\/2018\/05\/D\u00e9coupe-plateau-piano-560x420.jpg 560w\" sizes=\"(max-width: 680px) 100vw, 680px\" \/><\/a><\/p>\n<p>En effet j&rsquo;ai choisi de s\u00e9parer le plateau en trois parties distinctes afin que celui-ci reste pratique. Comme il sera mont\u00e9 sur des charni\u00e8res piano, il n&rsquo;y aura pas besoin de vider ou tenir tout ce qui se trouve dessus pour acc\u00e9der au contenu des casiers en dessous. Pas b\u00eate hein \ud83d\ude09 ?<\/p>\n<p><a href=\"http:\/\/latelierdemat.com\/wp-content\/uploads\/2018\/05\/Apercu-plateau-piano.jpg\"><img loading=\"lazy\" class=\"aligncenter size-full wp-image-4338\" src=\"http:\/\/latelierdemat.com\/wp-content\/uploads\/2018\/05\/Apercu-plateau-piano.jpg\" alt=\"\" width=\"680\" height=\"510\" srcset=\"https:\/\/latelierdemat.com\/wp-content\/uploads\/2018\/05\/Apercu-plateau-piano.jpg 680w, https:\/\/latelierdemat.com\/wp-content\/uploads\/2018\/05\/Apercu-plateau-piano-400x300.jpg 400w, https:\/\/latelierdemat.com\/wp-content\/uploads\/2018\/05\/Apercu-plateau-piano-200x150.jpg 200w, https:\/\/latelierdemat.com\/wp-content\/uploads\/2018\/05\/Apercu-plateau-piano-560x420.jpg 560w\" sizes=\"(max-width: 680px) 100vw, 680px\" \/><\/a><\/p>\n<p>Apr\u00e8s m\u2019\u00eatre assur\u00e9 que les trois planches avaient les bonnes dimensions, j&rsquo;ai arrondi les bords \u00e0 l&rsquo;aide de ma d\u00e9fonceuse puis j&rsquo;ai cr\u00e9\u00e9 une l\u00e9g\u00e8re feuillure pour accueillir la charni\u00e8re piano. Un petit coup de pon\u00e7age plus tard et j&rsquo;\u00e9tais enfin en mesure de commencer la finition. J&rsquo;ai choisi d&rsquo;utiliser une huile couleur miel car j&rsquo;ai d\u00e9j\u00e0 plusieurs meubles qui ont la m\u00eame finition.<\/p>\n<p><img loading=\"lazy\" class=\"aligncenter size-full wp-image-4344\" src=\"http:\/\/latelierdemat.com\/wp-content\/uploads\/2018\/05\/Teinte-plateau-piano.jpg\" alt=\"\" width=\"680\" height=\"510\" srcset=\"https:\/\/latelierdemat.com\/wp-content\/uploads\/2018\/05\/Teinte-plateau-piano.jpg 680w, https:\/\/latelierdemat.com\/wp-content\/uploads\/2018\/05\/Teinte-plateau-piano-400x300.jpg 400w, https:\/\/latelierdemat.com\/wp-content\/uploads\/2018\/05\/Teinte-plateau-piano-200x150.jpg 200w, https:\/\/latelierdemat.com\/wp-content\/uploads\/2018\/05\/Teinte-plateau-piano-560x420.jpg 560w\" sizes=\"(max-width: 680px) 100vw, 680px\" \/><\/p>\n<p>J&rsquo;ai profit\u00e9 du temps de s\u00e9chage entre chacune des couches d&rsquo;huile pour pr\u00e9parer les charni\u00e8res du plateau. Comme je ne trouvais pas de charni\u00e8re \u00e0 la bonne largeur, j&rsquo;ai achet\u00e9 de grandes charni\u00e8res piano, comme celle ci-dessous, en magasin et je les ai recoup\u00e9es. C&rsquo;est une op\u00e9ration qui se fait tr\u00e8s facilement avec une meuleuse. Le co\u00fbt est ridicule car j&rsquo;ai d\u00fb payer chaque charni\u00e8re d&rsquo;1m20 environ 2.5\u20ac.<\/p>\n<p><img loading=\"lazy\" class=\"aligncenter size-full wp-image-4345\" src=\"http:\/\/latelierdemat.com\/wp-content\/uploads\/2018\/05\/Decoupage-charniere.jpg\" alt=\"\" width=\"680\" height=\"510\" srcset=\"https:\/\/latelierdemat.com\/wp-content\/uploads\/2018\/05\/Decoupage-charniere.jpg 680w, https:\/\/latelierdemat.com\/wp-content\/uploads\/2018\/05\/Decoupage-charniere-400x300.jpg 400w, https:\/\/latelierdemat.com\/wp-content\/uploads\/2018\/05\/Decoupage-charniere-200x150.jpg 200w, https:\/\/latelierdemat.com\/wp-content\/uploads\/2018\/05\/Decoupage-charniere-560x420.jpg 560w\" sizes=\"(max-width: 680px) 100vw, 680px\" \/><\/p>\n<p>Le piano \u00e9tant vernis, j&rsquo;ai pris le temps de mettre une sous couche sur celui-ci. Cela permettra d&rsquo;avoir une bonne accroche pour la peinture par la suite.<br \/>\nPlut\u00f4t que d&rsquo;utiliser une sous couche sp\u00e9ciale, j&rsquo;ai pr\u00e9f\u00e9r\u00e9 utiliser cette sous couche pour Stratifi\u00e9 que j&rsquo;avais d\u00e9j\u00e0 utilis\u00e9 lors du relooking de ce <a href=\"http:\/\/latelierdemat.com\/?p=3701\" target=\"_blank\" rel=\"noopener\">meuble classeur<\/a>.<\/p>\n<p><a href=\"http:\/\/latelierdemat.com\/wp-content\/uploads\/2018\/05\/Sous-couche-PVC.jpg\"><img loading=\"lazy\" class=\"aligncenter size-full wp-image-4339\" src=\"http:\/\/latelierdemat.com\/wp-content\/uploads\/2018\/05\/Sous-couche-PVC.jpg\" alt=\"\" width=\"680\" height=\"510\" srcset=\"https:\/\/latelierdemat.com\/wp-content\/uploads\/2018\/05\/Sous-couche-PVC.jpg 680w, https:\/\/latelierdemat.com\/wp-content\/uploads\/2018\/05\/Sous-couche-PVC-400x300.jpg 400w, https:\/\/latelierdemat.com\/wp-content\/uploads\/2018\/05\/Sous-couche-PVC-200x150.jpg 200w, https:\/\/latelierdemat.com\/wp-content\/uploads\/2018\/05\/Sous-couche-PVC-560x420.jpg 560w\" sizes=\"(max-width: 680px) 100vw, 680px\" \/><\/a><\/p>\n<p>Oupss&#8230;la boulette ;). Je me suis rendu compte lors de l&rsquo;application de la sous couche, que j&rsquo;avais oubli\u00e9 de couper ces petites \u00ab\u00a0languettes\u00a0\u00bb. Celles ci servaient \u00e0 maintenir en place le capot du clavier et le panneau prot\u00e9geant les marteaux du piano. Comme elles g\u00eaneront l&rsquo;ouverture des casiers du plateau elle devaient \u00eatre enlev\u00e9es. Un petit coup de scie \u00e0 araser et l&rsquo;oubli a \u00e9t\u00e9 r\u00e9par\u00e9 \ud83d\ude09<\/p>\n<p><a href=\"http:\/\/latelierdemat.com\/wp-content\/uploads\/2018\/05\/Suppression-glissieres-piano.jpg\"><img loading=\"lazy\" class=\"aligncenter size-full wp-image-4340\" src=\"http:\/\/latelierdemat.com\/wp-content\/uploads\/2018\/05\/Suppression-glissieres-piano.jpg\" alt=\"\" width=\"680\" height=\"510\" srcset=\"https:\/\/latelierdemat.com\/wp-content\/uploads\/2018\/05\/Suppression-glissieres-piano.jpg 680w, https:\/\/latelierdemat.com\/wp-content\/uploads\/2018\/05\/Suppression-glissieres-piano-400x300.jpg 400w, https:\/\/latelierdemat.com\/wp-content\/uploads\/2018\/05\/Suppression-glissieres-piano-200x150.jpg 200w, https:\/\/latelierdemat.com\/wp-content\/uploads\/2018\/05\/Suppression-glissieres-piano-560x420.jpg 560w\" sizes=\"(max-width: 680px) 100vw, 680px\" \/><\/a><\/p>\n<p>Apres un pon\u00e7age superficiel au grain 120 sur toutes les parties vernis, j&rsquo;ai appliqu\u00e9 la sous couche au mini rouleau sur la quasi int\u00e9gralit\u00e9 du piano.<\/p>\n<p><a href=\"http:\/\/latelierdemat.com\/wp-content\/uploads\/2018\/05\/Sous-couche-vernis-piano.jpg\"><img loading=\"lazy\" class=\"aligncenter size-full wp-image-4341\" src=\"http:\/\/latelierdemat.com\/wp-content\/uploads\/2018\/05\/Sous-couche-vernis-piano.jpg\" alt=\"\" width=\"680\" height=\"510\" srcset=\"https:\/\/latelierdemat.com\/wp-content\/uploads\/2018\/05\/Sous-couche-vernis-piano.jpg 680w, https:\/\/latelierdemat.com\/wp-content\/uploads\/2018\/05\/Sous-couche-vernis-piano-400x300.jpg 400w, https:\/\/latelierdemat.com\/wp-content\/uploads\/2018\/05\/Sous-couche-vernis-piano-200x150.jpg 200w, https:\/\/latelierdemat.com\/wp-content\/uploads\/2018\/05\/Sous-couche-vernis-piano-560x420.jpg 560w\" sizes=\"(max-width: 680px) 100vw, 680px\" \/><\/a><\/p>\n<p>Le dessus du piano a bien entendu re\u00e7u le m\u00eame traitement pon\u00e7age\/sous couche. Ici j&rsquo;ai du poncer un peu plus car le vernis cloquait par endroits.<\/p>\n<p><a href=\"http:\/\/latelierdemat.com\/wp-content\/uploads\/2018\/05\/Poncage-haut-piano-.jpg\"><img loading=\"lazy\" class=\"aligncenter size-full wp-image-4347\" src=\"http:\/\/latelierdemat.com\/wp-content\/uploads\/2018\/05\/Poncage-haut-piano-.jpg\" alt=\"\" width=\"680\" height=\"510\" srcset=\"https:\/\/latelierdemat.com\/wp-content\/uploads\/2018\/05\/Poncage-haut-piano-.jpg 680w, https:\/\/latelierdemat.com\/wp-content\/uploads\/2018\/05\/Poncage-haut-piano--400x300.jpg 400w, https:\/\/latelierdemat.com\/wp-content\/uploads\/2018\/05\/Poncage-haut-piano--200x150.jpg 200w, https:\/\/latelierdemat.com\/wp-content\/uploads\/2018\/05\/Poncage-haut-piano--560x420.jpg 560w\" sizes=\"(max-width: 680px) 100vw, 680px\" \/><\/a><\/p>\n<p>Et quand tout a \u00e9t\u00e9 bien sec , j&rsquo;ai pu m&rsquo;installer pour peindre. Vu la taille de la b\u00eate, j&rsquo;ai choisi de m&rsquo;installer dans la pelouse et sur des b\u00e2ches afin de ne pas projeter de la peinture partout. En effet le choix du pistolet \u00e0 peinture pour effectuer l&rsquo;\u00e9tape de finition s&rsquo;est impos\u00e9. Les courbes et les d\u00e9tails des pieds associ\u00e9s \u00e0 la surface \u00e0 peindre rendait une peinture au pinceau vraiment compliqu\u00e9e. Vous remarquerez que j&rsquo;ai pris la photo alors que j\u2019\u00e9tais en train de d\u00e9monter les anciennes roulettes. Celles ci \u00e9tant toutes rouill\u00e9es elles auraient marqu\u00e9 le carrelage de mon salon.<\/p>\n<p><a href=\"http:\/\/latelierdemat.com\/wp-content\/uploads\/2018\/05\/Suppression-roulettes-piano.jpg\"><img loading=\"lazy\" class=\"aligncenter size-full wp-image-4342\" src=\"http:\/\/latelierdemat.com\/wp-content\/uploads\/2018\/05\/Suppression-roulettes-piano.jpg\" alt=\"\" width=\"680\" height=\"510\" srcset=\"https:\/\/latelierdemat.com\/wp-content\/uploads\/2018\/05\/Suppression-roulettes-piano.jpg 680w, https:\/\/latelierdemat.com\/wp-content\/uploads\/2018\/05\/Suppression-roulettes-piano-400x300.jpg 400w, https:\/\/latelierdemat.com\/wp-content\/uploads\/2018\/05\/Suppression-roulettes-piano-200x150.jpg 200w, https:\/\/latelierdemat.com\/wp-content\/uploads\/2018\/05\/Suppression-roulettes-piano-560x420.jpg 560w\" sizes=\"(max-width: 680px) 100vw, 680px\" \/><\/a><\/p>\n<p>Apres plusieurs couches et un joli bronzage pour ma part;), le piano a enfin adopt\u00e9 une unit\u00e9 visuelle plus sympa. Plus de noir, plus de bois de couleurs diff\u00e9rentes, juste un joli blanc, et j&rsquo;aime \u00e7a, pas vous ?<\/p>\n<p><a href=\"http:\/\/latelierdemat.com\/wp-content\/uploads\/2018\/05\/Piano-repeint.jpg\"><img loading=\"lazy\" class=\"aligncenter size-full wp-image-4343\" src=\"http:\/\/latelierdemat.com\/wp-content\/uploads\/2018\/05\/Piano-repeint.jpg\" alt=\"\" width=\"680\" height=\"510\" srcset=\"https:\/\/latelierdemat.com\/wp-content\/uploads\/2018\/05\/Piano-repeint.jpg 680w, https:\/\/latelierdemat.com\/wp-content\/uploads\/2018\/05\/Piano-repeint-400x300.jpg 400w, https:\/\/latelierdemat.com\/wp-content\/uploads\/2018\/05\/Piano-repeint-200x150.jpg 200w, https:\/\/latelierdemat.com\/wp-content\/uploads\/2018\/05\/Piano-repeint-560x420.jpg 560w\" sizes=\"(max-width: 680px) 100vw, 680px\" \/><\/a><\/p>\n<p>J&rsquo;ai pu me rendre compte \u00e0 d\u00e9placer le piano que j&rsquo;avais d\u00e9poss\u00e9der de ces poign\u00e9es que c\u2019\u00e9tait vraiment gal\u00e8re ;). Alors j&rsquo;ai profit\u00e9 que la peinture s\u00e8che correctement pour nettoyer celles ci car elles en avaient vraiment besoin.<\/p>\n<p><a href=\"http:\/\/latelierdemat.com\/wp-content\/uploads\/2018\/06\/Poign\u00e9e-piano-avant-nettoyage.jpg\"><img loading=\"lazy\" class=\"aligncenter size-full wp-image-4366\" src=\"http:\/\/latelierdemat.com\/wp-content\/uploads\/2018\/06\/Poign\u00e9e-piano-avant-nettoyage.jpg\" alt=\"\" width=\"680\" height=\"510\" srcset=\"https:\/\/latelierdemat.com\/wp-content\/uploads\/2018\/06\/Poign\u00e9e-piano-avant-nettoyage.jpg 680w, https:\/\/latelierdemat.com\/wp-content\/uploads\/2018\/06\/Poign\u00e9e-piano-avant-nettoyage-400x300.jpg 400w, https:\/\/latelierdemat.com\/wp-content\/uploads\/2018\/06\/Poign\u00e9e-piano-avant-nettoyage-200x150.jpg 200w, https:\/\/latelierdemat.com\/wp-content\/uploads\/2018\/06\/Poign\u00e9e-piano-avant-nettoyage-560x420.jpg 560w\" sizes=\"(max-width: 680px) 100vw, 680px\" \/><\/a><\/p>\n<p>Le produit que j&rsquo;ai utilis\u00e9 est du Miror pour cuivre. Je ne connais pas l&rsquo;alliage pr\u00e9cis qui compose ces poign\u00e9es mais en g\u00e9n\u00e9ral ce produit fait des miracles.<\/p>\n<p><a href=\"http:\/\/latelierdemat.com\/wp-content\/uploads\/2018\/06\/Miror-special-laiton.jpg\"><img loading=\"lazy\" class=\"aligncenter size-full wp-image-4367\" src=\"http:\/\/latelierdemat.com\/wp-content\/uploads\/2018\/06\/Miror-special-laiton.jpg\" alt=\"\" width=\"680\" height=\"907\" srcset=\"https:\/\/latelierdemat.com\/wp-content\/uploads\/2018\/06\/Miror-special-laiton.jpg 680w, https:\/\/latelierdemat.com\/wp-content\/uploads\/2018\/06\/Miror-special-laiton-400x534.jpg 400w, https:\/\/latelierdemat.com\/wp-content\/uploads\/2018\/06\/Miror-special-laiton-150x200.jpg 150w, https:\/\/latelierdemat.com\/wp-content\/uploads\/2018\/06\/Miror-special-laiton-560x747.jpg 560w\" sizes=\"(max-width: 680px) 100vw, 680px\" \/><\/a><\/p>\n<p>La preuve sur un avant\/apr\u00e8s avec les deux p\u00e9dales. Celle de gauche \u00e9tait exactement dans le m\u00eame \u00e9tat que celle de droite. J&rsquo;ai appliqu\u00e9 un peu de produit sur une brosse m\u00e9tallique en laiton avant de frotter, puis j&rsquo;ai peaufin\u00e9 le r\u00e9sultat avec un torchon.<\/p>\n<p><a href=\"http:\/\/latelierdemat.com\/wp-content\/uploads\/2018\/06\/Nettoyage-pedales-piano.jpg\"><img loading=\"lazy\" class=\"aligncenter size-full wp-image-4368\" src=\"http:\/\/latelierdemat.com\/wp-content\/uploads\/2018\/06\/Nettoyage-pedales-piano.jpg\" alt=\"\" width=\"680\" height=\"510\" srcset=\"https:\/\/latelierdemat.com\/wp-content\/uploads\/2018\/06\/Nettoyage-pedales-piano.jpg 680w, https:\/\/latelierdemat.com\/wp-content\/uploads\/2018\/06\/Nettoyage-pedales-piano-400x300.jpg 400w, https:\/\/latelierdemat.com\/wp-content\/uploads\/2018\/06\/Nettoyage-pedales-piano-200x150.jpg 200w, https:\/\/latelierdemat.com\/wp-content\/uploads\/2018\/06\/Nettoyage-pedales-piano-560x420.jpg 560w\" sizes=\"(max-width: 680px) 100vw, 680px\" \/><\/a><\/p>\n<p>Allez je sais que vous n&rsquo;attendez qu&rsquo;une chose, c&rsquo;est de voir le r\u00e9sultat final, alors voici le piano relook\u00e9 en bureau et \u00e0 son emplacement d\u00e9finitif !!<\/p>\n<p><a href=\"http:\/\/latelierdemat.com\/wp-content\/uploads\/2018\/06\/Transformtion-dun-piano-en-bureau-par-Atelier-de-Mat.jpg\"><img loading=\"lazy\" class=\"aligncenter size-full wp-image-4370\" src=\"http:\/\/latelierdemat.com\/wp-content\/uploads\/2018\/06\/Transformtion-dun-piano-en-bureau-par-Atelier-de-Mat.jpg\" alt=\"\" width=\"680\" height=\"907\" srcset=\"https:\/\/latelierdemat.com\/wp-content\/uploads\/2018\/06\/Transformtion-dun-piano-en-bureau-par-Atelier-de-Mat.jpg 680w, https:\/\/latelierdemat.com\/wp-content\/uploads\/2018\/06\/Transformtion-dun-piano-en-bureau-par-Atelier-de-Mat-400x534.jpg 400w, https:\/\/latelierdemat.com\/wp-content\/uploads\/2018\/06\/Transformtion-dun-piano-en-bureau-par-Atelier-de-Mat-150x200.jpg 150w, https:\/\/latelierdemat.com\/wp-content\/uploads\/2018\/06\/Transformtion-dun-piano-en-bureau-par-Atelier-de-Mat-560x747.jpg 560w\" sizes=\"(max-width: 680px) 100vw, 680px\" \/><\/a><\/p>\n<p>Pour prot\u00e9ger la peinture , j&rsquo;ai appliqu\u00e9 une couche de vitrificateur en finition cir\u00e9e mat sur l\u2019int\u00e9gralit\u00e9 du piano. Cette op\u00e9ration m&rsquo;a pris plusieurs heures, j&rsquo;ai cru que je n&rsquo;en verrais pas la fin ;).<\/p>\n<p><a href=\"http:\/\/latelierdemat.com\/wp-content\/uploads\/2018\/06\/Piano-ancien-relook\u00e9-en-bureau-.jpg\"><img loading=\"lazy\" class=\"aligncenter size-full wp-image-4371\" src=\"http:\/\/latelierdemat.com\/wp-content\/uploads\/2018\/06\/Piano-ancien-relook\u00e9-en-bureau-.jpg\" alt=\"\" width=\"680\" height=\"510\" srcset=\"https:\/\/latelierdemat.com\/wp-content\/uploads\/2018\/06\/Piano-ancien-relook\u00e9-en-bureau-.jpg 680w, https:\/\/latelierdemat.com\/wp-content\/uploads\/2018\/06\/Piano-ancien-relook\u00e9-en-bureau--400x300.jpg 400w, https:\/\/latelierdemat.com\/wp-content\/uploads\/2018\/06\/Piano-ancien-relook\u00e9-en-bureau--200x150.jpg 200w, https:\/\/latelierdemat.com\/wp-content\/uploads\/2018\/06\/Piano-ancien-relook\u00e9-en-bureau--560x420.jpg 560w\" sizes=\"(max-width: 680px) 100vw, 680px\" \/><\/a><\/p>\n<p>L&rsquo;espace de stockage offert dans la partie basse permet de loger l&rsquo;imprimante dont ma petite femme se sert beaucoup pour ses activit\u00e9s avec les petits du centre de loisirs ou elle travaille.<\/p>\n<p><a href=\"http:\/\/latelierdemat.com\/wp-content\/uploads\/2018\/06\/Rangement-piano-ancien-relook\u00e9-en-bureau.jpg\"><img loading=\"lazy\" class=\"aligncenter size-full wp-image-4372\" src=\"http:\/\/latelierdemat.com\/wp-content\/uploads\/2018\/06\/Rangement-piano-ancien-relook\u00e9-en-bureau.jpg\" alt=\"\" width=\"680\" height=\"510\" srcset=\"https:\/\/latelierdemat.com\/wp-content\/uploads\/2018\/06\/Rangement-piano-ancien-relook\u00e9-en-bureau.jpg 680w, https:\/\/latelierdemat.com\/wp-content\/uploads\/2018\/06\/Rangement-piano-ancien-relook\u00e9-en-bureau-400x300.jpg 400w, https:\/\/latelierdemat.com\/wp-content\/uploads\/2018\/06\/Rangement-piano-ancien-relook\u00e9-en-bureau-200x150.jpg 200w, https:\/\/latelierdemat.com\/wp-content\/uploads\/2018\/06\/Rangement-piano-ancien-relook\u00e9-en-bureau-560x420.jpg 560w\" sizes=\"(max-width: 680px) 100vw, 680px\" \/><\/a><\/p>\n<p>Les planches du plateau ont re\u00e7us 3 couches d&rsquo;huile finition miel ainsi que deux couches de vitrificateur finition cir\u00e9e mat. Elles sont l\u00e9g\u00e8rement plus longues que n\u00e9cessaire afin que le petit rebord qui d\u00e9passe fasse office de poign\u00e9e pour ouvrir les casiers.<\/p>\n<p><a href=\"http:\/\/latelierdemat.com\/wp-content\/uploads\/2018\/06\/Piano-ancien-transform\u00e9-en-bureau.jpg\"><img loading=\"lazy\" class=\"aligncenter size-full wp-image-4373\" src=\"http:\/\/latelierdemat.com\/wp-content\/uploads\/2018\/06\/Piano-ancien-transform\u00e9-en-bureau.jpg\" alt=\"\" width=\"680\" height=\"510\" srcset=\"https:\/\/latelierdemat.com\/wp-content\/uploads\/2018\/06\/Piano-ancien-transform\u00e9-en-bureau.jpg 680w, https:\/\/latelierdemat.com\/wp-content\/uploads\/2018\/06\/Piano-ancien-transform\u00e9-en-bureau-400x300.jpg 400w, https:\/\/latelierdemat.com\/wp-content\/uploads\/2018\/06\/Piano-ancien-transform\u00e9-en-bureau-200x150.jpg 200w, https:\/\/latelierdemat.com\/wp-content\/uploads\/2018\/06\/Piano-ancien-transform\u00e9-en-bureau-560x420.jpg 560w\" sizes=\"(max-width: 680px) 100vw, 680px\" \/><\/a><\/p>\n<p>Les charni\u00e8res ont \u00e9t\u00e9 peintes et vernies . Et afin d&rsquo;avoir des vis qui soient raccord avec cette finition, j&rsquo;avais mis celles ci en place dans les charni\u00e8res quand j&rsquo;ai effectu\u00e9 la peinture.<\/p>\n<p><a href=\"http:\/\/latelierdemat.com\/wp-content\/uploads\/2018\/06\/Charniere-piano-peinte-et-vernis.jpg\"><img loading=\"lazy\" class=\"aligncenter size-full wp-image-4374\" src=\"http:\/\/latelierdemat.com\/wp-content\/uploads\/2018\/06\/Charniere-piano-peinte-et-vernis.jpg\" alt=\"\" width=\"680\" height=\"510\" srcset=\"https:\/\/latelierdemat.com\/wp-content\/uploads\/2018\/06\/Charniere-piano-peinte-et-vernis.jpg 680w, https:\/\/latelierdemat.com\/wp-content\/uploads\/2018\/06\/Charniere-piano-peinte-et-vernis-400x300.jpg 400w, https:\/\/latelierdemat.com\/wp-content\/uploads\/2018\/06\/Charniere-piano-peinte-et-vernis-200x150.jpg 200w, https:\/\/latelierdemat.com\/wp-content\/uploads\/2018\/06\/Charniere-piano-peinte-et-vernis-560x420.jpg 560w\" sizes=\"(max-width: 680px) 100vw, 680px\" \/><\/a><\/p>\n<p>Les casiers sous le plateau sont au nombre de 3. Comme je l&rsquo;ai d\u00e9j\u00e0 mentionn\u00e9 pr\u00e9c\u00e9demment, j&rsquo;ai divis\u00e9 le plateau en 3 parties afin que cela soit plus facile d\u2019acc\u00e9der au contenu des casiers.<\/p>\n<p><a href=\"http:\/\/latelierdemat.com\/wp-content\/uploads\/2018\/06\/Casier-piano-ancien-transform\u00e9-en-bureau-1.jpg\"><img loading=\"lazy\" class=\"aligncenter size-full wp-image-4377\" src=\"http:\/\/latelierdemat.com\/wp-content\/uploads\/2018\/06\/Casier-piano-ancien-transform\u00e9-en-bureau-1.jpg\" alt=\"\" width=\"680\" height=\"510\" srcset=\"https:\/\/latelierdemat.com\/wp-content\/uploads\/2018\/06\/Casier-piano-ancien-transform\u00e9-en-bureau-1.jpg 680w, https:\/\/latelierdemat.com\/wp-content\/uploads\/2018\/06\/Casier-piano-ancien-transform\u00e9-en-bureau-1-400x300.jpg 400w, https:\/\/latelierdemat.com\/wp-content\/uploads\/2018\/06\/Casier-piano-ancien-transform\u00e9-en-bureau-1-200x150.jpg 200w, https:\/\/latelierdemat.com\/wp-content\/uploads\/2018\/06\/Casier-piano-ancien-transform\u00e9-en-bureau-1-560x420.jpg 560w\" sizes=\"(max-width: 680px) 100vw, 680px\" \/><\/a><br \/>\n<script type=\"text\/javascript\" src=\"https:\/\/app.mailerlite.com\/data\/webforms\/271653\/b7n7j5.js?v24\"><\/script><br \/>\n<a href=\"http:\/\/latelierdemat.com\/wp-content\/uploads\/2018\/06\/Casier-piano-ancien-transform\u00e9-en-bureau-2.jpg\"><img loading=\"lazy\" class=\"aligncenter size-full wp-image-4375\" src=\"http:\/\/latelierdemat.com\/wp-content\/uploads\/2018\/06\/Casier-piano-ancien-transform\u00e9-en-bureau-2.jpg\" alt=\"\" width=\"680\" height=\"510\" srcset=\"https:\/\/latelierdemat.com\/wp-content\/uploads\/2018\/06\/Casier-piano-ancien-transform\u00e9-en-bureau-2.jpg 680w, https:\/\/latelierdemat.com\/wp-content\/uploads\/2018\/06\/Casier-piano-ancien-transform\u00e9-en-bureau-2-400x300.jpg 400w, https:\/\/latelierdemat.com\/wp-content\/uploads\/2018\/06\/Casier-piano-ancien-transform\u00e9-en-bureau-2-200x150.jpg 200w, https:\/\/latelierdemat.com\/wp-content\/uploads\/2018\/06\/Casier-piano-ancien-transform\u00e9-en-bureau-2-560x420.jpg 560w\" sizes=\"(max-width: 680px) 100vw, 680px\" \/><\/a><\/p>\n<p>L&rsquo;espace de rangement offert par chaque casier est assez sympa. On peut y ranger facilement un classeur ou comme ci dessous plusieurs bo\u00eetiers de lunettes et ceux a diff\u00e9rents endroits sans que cela ne g\u00eane.<\/p>\n<p><a href=\"http:\/\/latelierdemat.com\/wp-content\/uploads\/2018\/06\/Casier-piano-ancien-transform\u00e9-en-bureau-3.jpg\"><img loading=\"lazy\" class=\"aligncenter size-full wp-image-4376\" src=\"http:\/\/latelierdemat.com\/wp-content\/uploads\/2018\/06\/Casier-piano-ancien-transform\u00e9-en-bureau-3.jpg\" alt=\"\" width=\"680\" height=\"510\" srcset=\"https:\/\/latelierdemat.com\/wp-content\/uploads\/2018\/06\/Casier-piano-ancien-transform\u00e9-en-bureau-3.jpg 680w, https:\/\/latelierdemat.com\/wp-content\/uploads\/2018\/06\/Casier-piano-ancien-transform\u00e9-en-bureau-3-400x300.jpg 400w, https:\/\/latelierdemat.com\/wp-content\/uploads\/2018\/06\/Casier-piano-ancien-transform\u00e9-en-bureau-3-200x150.jpg 200w, https:\/\/latelierdemat.com\/wp-content\/uploads\/2018\/06\/Casier-piano-ancien-transform\u00e9-en-bureau-3-560x420.jpg 560w\" sizes=\"(max-width: 680px) 100vw, 680px\" \/><\/a><\/p>\n<p>Les formes et les sculptures des pieds ont \u00e9t\u00e9 l&rsquo;\u00e9l\u00e9ment d\u00e9clencheur de ce projet. Alors pour leur rendre hommage et les faire ressortir au maximum je les ai patin\u00e9 en les pon\u00e7ant par endroits.<\/p>\n<p><a href=\"http:\/\/latelierdemat.com\/wp-content\/uploads\/2018\/06\/Pied-de-piano-ancien-repeint.jpg\"><img loading=\"lazy\" class=\"aligncenter size-full wp-image-4378\" src=\"http:\/\/latelierdemat.com\/wp-content\/uploads\/2018\/06\/Pied-de-piano-ancien-repeint.jpg\" alt=\"\" width=\"680\" height=\"510\" srcset=\"https:\/\/latelierdemat.com\/wp-content\/uploads\/2018\/06\/Pied-de-piano-ancien-repeint.jpg 680w, https:\/\/latelierdemat.com\/wp-content\/uploads\/2018\/06\/Pied-de-piano-ancien-repeint-400x300.jpg 400w, https:\/\/latelierdemat.com\/wp-content\/uploads\/2018\/06\/Pied-de-piano-ancien-repeint-200x150.jpg 200w, https:\/\/latelierdemat.com\/wp-content\/uploads\/2018\/06\/Pied-de-piano-ancien-repeint-560x420.jpg 560w\" sizes=\"(max-width: 680px) 100vw, 680px\" \/><\/a><\/p>\n<p>J&rsquo;ai reproduit ce m\u00eame effet sur tout le piano. Cela permet de faire ressortir le noir original et si vous suivez le blog depuis quelques temps, vous avez que j&rsquo;aime donner ce genre de style quand cela est possible.<\/p>\n<p><a href=\"http:\/\/latelierdemat.com\/wp-content\/uploads\/2018\/06\/Partie-basse-piano-ancien-transform\u00e9-en-bureau.jpg\"><img loading=\"lazy\" class=\"aligncenter size-full wp-image-4379\" src=\"http:\/\/latelierdemat.com\/wp-content\/uploads\/2018\/06\/Partie-basse-piano-ancien-transform\u00e9-en-bureau.jpg\" alt=\"\" width=\"680\" height=\"510\" srcset=\"https:\/\/latelierdemat.com\/wp-content\/uploads\/2018\/06\/Partie-basse-piano-ancien-transform\u00e9-en-bureau.jpg 680w, https:\/\/latelierdemat.com\/wp-content\/uploads\/2018\/06\/Partie-basse-piano-ancien-transform\u00e9-en-bureau-400x300.jpg 400w, https:\/\/latelierdemat.com\/wp-content\/uploads\/2018\/06\/Partie-basse-piano-ancien-transform\u00e9-en-bureau-200x150.jpg 200w, https:\/\/latelierdemat.com\/wp-content\/uploads\/2018\/06\/Partie-basse-piano-ancien-transform\u00e9-en-bureau-560x420.jpg 560w\" sizes=\"(max-width: 680px) 100vw, 680px\" \/><\/a><\/p>\n<p>Les p\u00e9dales, une fois bien briqu\u00e9es, ont \u00e9t\u00e9 faciles \u00e0 remonter. J&rsquo;aurais pu ne pas les remettre mais comme je voulais conserver des \u00e9l\u00e9ments typiques d&rsquo;un piano, quoi de mieux que des p\u00e9dales?<\/p>\n<p><a href=\"http:\/\/latelierdemat.com\/wp-content\/uploads\/2018\/06\/Pedales-de-piano-nettoy\u00e9es.jpg\"><img loading=\"lazy\" class=\"aligncenter size-full wp-image-4380\" src=\"http:\/\/latelierdemat.com\/wp-content\/uploads\/2018\/06\/Pedales-de-piano-nettoy\u00e9es.jpg\" alt=\"\" width=\"680\" height=\"510\" srcset=\"https:\/\/latelierdemat.com\/wp-content\/uploads\/2018\/06\/Pedales-de-piano-nettoy\u00e9es.jpg 680w, https:\/\/latelierdemat.com\/wp-content\/uploads\/2018\/06\/Pedales-de-piano-nettoy\u00e9es-400x300.jpg 400w, https:\/\/latelierdemat.com\/wp-content\/uploads\/2018\/06\/Pedales-de-piano-nettoy\u00e9es-200x150.jpg 200w, https:\/\/latelierdemat.com\/wp-content\/uploads\/2018\/06\/Pedales-de-piano-nettoy\u00e9es-560x420.jpg 560w\" sizes=\"(max-width: 680px) 100vw, 680px\" \/><\/a><\/p>\n<p>J&rsquo;ai remis en place les poign\u00e9es par la suite car c&rsquo;est tellement plus facile de d\u00e9placer le piano avec ;).\u00a0 Elles ont quand m\u00eame plus de 120 ans, le piano datant de 1895, mais elles sont toujours aussi solides !<br \/>\n<a href=\"http:\/\/latelierdemat.com\/wp-content\/uploads\/2018\/06\/Poign\u00e9e-de-piano-ancien-nettoy\u00e9.jpg\"><img loading=\"lazy\" class=\"aligncenter size-full wp-image-4384\" src=\"http:\/\/latelierdemat.com\/wp-content\/uploads\/2018\/06\/Poign\u00e9e-de-piano-ancien-nettoy\u00e9.jpg\" alt=\"\" width=\"680\" height=\"510\" srcset=\"https:\/\/latelierdemat.com\/wp-content\/uploads\/2018\/06\/Poign\u00e9e-de-piano-ancien-nettoy\u00e9.jpg 680w, https:\/\/latelierdemat.com\/wp-content\/uploads\/2018\/06\/Poign\u00e9e-de-piano-ancien-nettoy\u00e9-400x300.jpg 400w, https:\/\/latelierdemat.com\/wp-content\/uploads\/2018\/06\/Poign\u00e9e-de-piano-ancien-nettoy\u00e9-200x150.jpg 200w, https:\/\/latelierdemat.com\/wp-content\/uploads\/2018\/06\/Poign\u00e9e-de-piano-ancien-nettoy\u00e9-560x420.jpg 560w\" sizes=\"(max-width: 680px) 100vw, 680px\" \/><\/a><\/p>\n<p>A peine le piano en place que d\u00e9j\u00e0 le dessus sert d\u2019\u00e9tag\u00e8re pour des photos des enfants et un peu de d\u00e9co. C&rsquo;est bon signe, cela veut dire qu&rsquo;il est adopt\u00e9 ;).<\/p>\n<p><a href=\"http:\/\/latelierdemat.com\/wp-content\/uploads\/2018\/06\/Apercu-dun-piano-relook\u00e9-en-bureau.jpg\"><img loading=\"lazy\" class=\"aligncenter size-full wp-image-4381\" src=\"http:\/\/latelierdemat.com\/wp-content\/uploads\/2018\/06\/Apercu-dun-piano-relook\u00e9-en-bureau.jpg\" alt=\"\" width=\"680\" height=\"510\" srcset=\"https:\/\/latelierdemat.com\/wp-content\/uploads\/2018\/06\/Apercu-dun-piano-relook\u00e9-en-bureau.jpg 680w, https:\/\/latelierdemat.com\/wp-content\/uploads\/2018\/06\/Apercu-dun-piano-relook\u00e9-en-bureau-400x300.jpg 400w, https:\/\/latelierdemat.com\/wp-content\/uploads\/2018\/06\/Apercu-dun-piano-relook\u00e9-en-bureau-200x150.jpg 200w, https:\/\/latelierdemat.com\/wp-content\/uploads\/2018\/06\/Apercu-dun-piano-relook\u00e9-en-bureau-560x420.jpg 560w\" sizes=\"(max-width: 680px) 100vw, 680px\" \/><\/a><\/p>\n<p>Le haut du piano n&rsquo;est pas fix\u00e9, il est juste embo\u00eet\u00e9 . Cela permet de l&rsquo;enlever facilement pour acc\u00e9der au dos de l&rsquo;\u00e9cran si besoin, faire un branchement ou simplement passer un coup de torchon pour faire un brin de m\u00e9nage.<\/p>\n<p><a href=\"http:\/\/latelierdemat.com\/wp-content\/uploads\/2018\/06\/Etage-piano-ancien-relook\u00e9-en-bureau.jpg\"><img loading=\"lazy\" class=\"aligncenter size-full wp-image-4382\" src=\"http:\/\/latelierdemat.com\/wp-content\/uploads\/2018\/06\/Etage-piano-ancien-relook\u00e9-en-bureau.jpg\" alt=\"\" width=\"680\" height=\"510\" srcset=\"https:\/\/latelierdemat.com\/wp-content\/uploads\/2018\/06\/Etage-piano-ancien-relook\u00e9-en-bureau.jpg 680w, https:\/\/latelierdemat.com\/wp-content\/uploads\/2018\/06\/Etage-piano-ancien-relook\u00e9-en-bureau-400x300.jpg 400w, https:\/\/latelierdemat.com\/wp-content\/uploads\/2018\/06\/Etage-piano-ancien-relook\u00e9-en-bureau-200x150.jpg 200w, https:\/\/latelierdemat.com\/wp-content\/uploads\/2018\/06\/Etage-piano-ancien-relook\u00e9-en-bureau-560x420.jpg 560w\" sizes=\"(max-width: 680px) 100vw, 680px\" \/><\/a><\/p>\n<p>Vous ne trouvez pas que la chaise que j&rsquo;avais trouv\u00e9 \u00e0 la poubelle et refaite \u00e0 l&rsquo;\u00e9poque <a href=\"http:\/\/latelierdemat.com\/?p=1867\" target=\"_blank\" rel=\"noopener\">(voir l&rsquo;article)<\/a>, s&rsquo;accorde plut\u00f4t bien avec le piano ?<\/p>\n<p><a href=\"http:\/\/latelierdemat.com\/wp-content\/uploads\/2018\/06\/Relooker-un-vieux-piano-en-bureau.jpg\"><img loading=\"lazy\" class=\"aligncenter size-full wp-image-4383\" src=\"http:\/\/latelierdemat.com\/wp-content\/uploads\/2018\/06\/Relooker-un-vieux-piano-en-bureau.jpg\" alt=\"\" width=\"680\" height=\"510\" srcset=\"https:\/\/latelierdemat.com\/wp-content\/uploads\/2018\/06\/Relooker-un-vieux-piano-en-bureau.jpg 680w, https:\/\/latelierdemat.com\/wp-content\/uploads\/2018\/06\/Relooker-un-vieux-piano-en-bureau-400x300.jpg 400w, https:\/\/latelierdemat.com\/wp-content\/uploads\/2018\/06\/Relooker-un-vieux-piano-en-bureau-200x150.jpg 200w, https:\/\/latelierdemat.com\/wp-content\/uploads\/2018\/06\/Relooker-un-vieux-piano-en-bureau-560x420.jpg 560w\" sizes=\"(max-width: 680px) 100vw, 680px\" \/><\/a><\/p>\n<p>Ave le recul je pense que la transformation de ce piano en bureau est l&rsquo;un des plus gros, voire le plus gros projet que j&rsquo;ai r\u00e9alis\u00e9 ces derni\u00e8res ann\u00e9es. Il repr\u00e9sente environ 70 heures de travail cumul\u00e9es ce qui commence \u00e0 faire. Le r\u00e9sultat est conforme \u00e0 mes attentes mais surtout il plait beaucoup \u00e0 ma petite femme, et c&rsquo;est bien le principal vu que c&rsquo;est son bureau.<\/p>\n<p>La bise<\/p>\n<p>Mat<\/p>\n<p><img loading=\"lazy\" class=\"aligncenter wp-image-4392\" src=\"http:\/\/latelierdemat.com\/wp-content\/uploads\/2018\/06\/Adapter-un-piano-en-bureau.png\" alt=\"\" width=\"680\" height=\"1115\" srcset=\"https:\/\/latelierdemat.com\/wp-content\/uploads\/2018\/06\/Adapter-un-piano-en-bureau.png 732w, https:\/\/latelierdemat.com\/wp-content\/uploads\/2018\/06\/Adapter-un-piano-en-bureau-400x656.png 400w, https:\/\/latelierdemat.com\/wp-content\/uploads\/2018\/06\/Adapter-un-piano-en-bureau-122x200.png 122w, https:\/\/latelierdemat.com\/wp-content\/uploads\/2018\/06\/Adapter-un-piano-en-bureau-625x1024.png 625w, https:\/\/latelierdemat.com\/wp-content\/uploads\/2018\/06\/Adapter-un-piano-en-bureau-560x918.png 560w\" sizes=\"(max-width: 680px) 100vw, 680px\" \/><\/p>\n<p>&nbsp;<\/p>\n","protected":false},"excerpt":{"rendered":"<p>Cet article est la suite et la fin de l&rsquo;article Adapter un piano en bureau Partie 1. Pour comprendre ce qui suit , il vaut donc mieux jeter un coup d&rsquo;\u0153il au d\u00e9but de cette transformation pour bien suivre \ud83d\ude09 . Dans la premi\u00e8re partie , je m\u2019\u00e9tais arr\u00eat\u00e9 \u00e0 la fixation du plateau. Apr\u00e8s <a class=\"moretag\" href=\"https:\/\/latelierdemat.com\/?p=4325\"> Lire la suite&#8230;<\/a><\/p>\n","protected":false},"author":3,"featured_media":4394,"comment_status":"open","ping_status":"open","sticky":false,"template":"","format":"standard","meta":{"_mi_skip_tracking":false,"_monsterinsights_sitenote_active":false,"_monsterinsights_sitenote_note":"","_monsterinsights_sitenote_category":0,"spay_email":""},"categories":[20],"tags":[],"yoast_head":"<!-- This site is optimized with the Yoast SEO plugin v18.3 - https:\/\/yoast.com\/wordpress\/plugins\/seo\/ -->\n<title>Adapter un piano droit en bureau - L&#039;atelier de Mat<\/title>\n<meta name=\"description\" content=\"D\u00e9couvrez comment modifier \u00e9tape par \u00e9tape un vieux piano droit en bureau. Comment le vider, comment l&#039;adapter et comment lui donner un tout nouveau look !\" \/>\n<meta name=\"robots\" content=\"index, follow, max-snippet:-1, max-image-preview:large, max-video-preview:-1\" \/>\n<link rel=\"canonical\" href=\"https:\/\/latelierdemat.com\/?p=4325\" \/>\n<meta property=\"og:locale\" content=\"fr_FR\" \/>\n<meta property=\"og:type\" content=\"article\" \/>\n<meta property=\"og:title\" content=\"Adapter un piano droit en bureau - L&#039;atelier de Mat\" \/>\n<meta property=\"og:description\" content=\"D\u00e9couvrez comment modifier \u00e9tape par \u00e9tape un vieux piano droit en bureau. Comment le vider, comment l&#039;adapter et comment lui donner un tout nouveau look !\" \/>\n<meta property=\"og:url\" content=\"https:\/\/latelierdemat.com\/?p=4325\" \/>\n<meta property=\"og:site_name\" content=\"L&#039;atelier de Mat\" \/>\n<meta property=\"article:publisher\" content=\"http:\/\/facebook.com\/latelierdemat\" \/>\n<meta property=\"article:published_time\" content=\"2018-06-06T15:58:34+00:00\" \/>\n<meta property=\"og:image\" content=\"https:\/\/latelierdemat.com\/wp-content\/uploads\/2018\/06\/Adaptation-dun-piano-en-bureau.png\" \/>\n\t<meta property=\"og:image:width\" content=\"400\" \/>\n\t<meta property=\"og:image:height\" content=\"400\" \/>\n\t<meta property=\"og:image:type\" content=\"image\/png\" \/>\n<meta name=\"twitter:card\" content=\"summary\" \/>\n<meta name=\"twitter:creator\" content=\"@latelierdemat\" \/>\n<meta name=\"twitter:site\" content=\"@latelierdemat\" \/>\n<meta name=\"twitter:label1\" content=\"\u00c9crit par\" \/>\n\t<meta name=\"twitter:data1\" content=\"Mat\" \/>\n\t<meta name=\"twitter:label2\" content=\"Dur\u00e9e de lecture estim\u00e9e\" \/>\n\t<meta name=\"twitter:data2\" content=\"9 minutes\" \/>\n<script type=\"application\/ld+json\" class=\"yoast-schema-graph\">{\"@context\":\"https:\/\/schema.org\",\"@graph\":[{\"@type\":\"WebSite\",\"@id\":\"https:\/\/latelierdemat.com\/#website\",\"url\":\"https:\/\/latelierdemat.com\/\",\"name\":\"L&#039;atelier de Mat\",\"description\":\"#r\u00e9cup\u00e9rer #restaurer #r\u00e9inventer\",\"potentialAction\":[{\"@type\":\"SearchAction\",\"target\":{\"@type\":\"EntryPoint\",\"urlTemplate\":\"https:\/\/latelierdemat.com\/?s={search_term_string}\"},\"query-input\":\"required name=search_term_string\"}],\"inLanguage\":\"fr-FR\"},{\"@type\":\"ImageObject\",\"@id\":\"https:\/\/latelierdemat.com\/?p=4325#primaryimage\",\"inLanguage\":\"fr-FR\",\"url\":\"https:\/\/latelierdemat.com\/wp-content\/uploads\/2018\/06\/Adaptation-dun-piano-en-bureau.png\",\"contentUrl\":\"https:\/\/latelierdemat.com\/wp-content\/uploads\/2018\/06\/Adaptation-dun-piano-en-bureau.png\",\"width\":400,\"height\":400},{\"@type\":\"WebPage\",\"@id\":\"https:\/\/latelierdemat.com\/?p=4325#webpage\",\"url\":\"https:\/\/latelierdemat.com\/?p=4325\",\"name\":\"Adapter un piano droit en bureau - L&#039;atelier de Mat\",\"isPartOf\":{\"@id\":\"https:\/\/latelierdemat.com\/#website\"},\"primaryImageOfPage\":{\"@id\":\"https:\/\/latelierdemat.com\/?p=4325#primaryimage\"},\"datePublished\":\"2018-06-06T15:58:34+00:00\",\"dateModified\":\"2018-06-06T15:58:34+00:00\",\"author\":{\"@id\":\"https:\/\/latelierdemat.com\/#\/schema\/person\/8a5ae2a2c36adb8a62a1ad784fbcaf98\"},\"description\":\"D\u00e9couvrez comment modifier \u00e9tape par \u00e9tape un vieux piano droit en bureau. Comment le vider, comment l'adapter et comment lui donner un tout nouveau look !\",\"breadcrumb\":{\"@id\":\"https:\/\/latelierdemat.com\/?p=4325#breadcrumb\"},\"inLanguage\":\"fr-FR\",\"potentialAction\":[{\"@type\":\"ReadAction\",\"target\":[\"https:\/\/latelierdemat.com\/?p=4325\"]}]},{\"@type\":\"BreadcrumbList\",\"@id\":\"https:\/\/latelierdemat.com\/?p=4325#breadcrumb\",\"itemListElement\":[{\"@type\":\"ListItem\",\"position\":1,\"name\":\"Accueil\",\"item\":\"https:\/\/latelierdemat.com\/\"},{\"@type\":\"ListItem\",\"position\":2,\"name\":\"Adapter un piano droit en bureau\"}]},{\"@type\":\"Person\",\"@id\":\"https:\/\/latelierdemat.com\/#\/schema\/person\/8a5ae2a2c36adb8a62a1ad784fbcaf98\",\"name\":\"Mat\",\"image\":{\"@type\":\"ImageObject\",\"@id\":\"https:\/\/latelierdemat.com\/#personlogo\",\"inLanguage\":\"fr-FR\",\"url\":\"https:\/\/secure.gravatar.com\/avatar\/514074b8b21591ae84355f7c1eddab3c?s=96&d=mm&r=g\",\"contentUrl\":\"https:\/\/secure.gravatar.com\/avatar\/514074b8b21591ae84355f7c1eddab3c?s=96&d=mm&r=g\",\"caption\":\"Mat\"}}]}<\/script>\n<!-- \/ Yoast SEO plugin. -->","yoast_head_json":{"title":"Adapter un piano droit en bureau - L&#039;atelier de Mat","description":"D\u00e9couvrez comment modifier \u00e9tape par \u00e9tape un vieux piano droit en bureau. Comment le vider, comment l'adapter et comment lui donner un tout nouveau look !","robots":{"index":"index","follow":"follow","max-snippet":"max-snippet:-1","max-image-preview":"max-image-preview:large","max-video-preview":"max-video-preview:-1"},"canonical":"https:\/\/latelierdemat.com\/?p=4325","og_locale":"fr_FR","og_type":"article","og_title":"Adapter un piano droit en bureau - L&#039;atelier de Mat","og_description":"D\u00e9couvrez comment modifier \u00e9tape par \u00e9tape un vieux piano droit en bureau. Comment le vider, comment l'adapter et comment lui donner un tout nouveau look !","og_url":"https:\/\/latelierdemat.com\/?p=4325","og_site_name":"L&#039;atelier de Mat","article_publisher":"http:\/\/facebook.com\/latelierdemat","article_published_time":"2018-06-06T15:58:34+00:00","og_image":[{"width":400,"height":400,"url":"https:\/\/latelierdemat.com\/wp-content\/uploads\/2018\/06\/Adaptation-dun-piano-en-bureau.png","type":"image\/png"}],"twitter_card":"summary","twitter_creator":"@latelierdemat","twitter_site":"@latelierdemat","twitter_misc":{"\u00c9crit par":"Mat","Dur\u00e9e de lecture estim\u00e9e":"9 minutes"},"schema":{"@context":"https:\/\/schema.org","@graph":[{"@type":"WebSite","@id":"https:\/\/latelierdemat.com\/#website","url":"https:\/\/latelierdemat.com\/","name":"L&#039;atelier de Mat","description":"#r\u00e9cup\u00e9rer #restaurer #r\u00e9inventer","potentialAction":[{"@type":"SearchAction","target":{"@type":"EntryPoint","urlTemplate":"https:\/\/latelierdemat.com\/?s={search_term_string}"},"query-input":"required name=search_term_string"}],"inLanguage":"fr-FR"},{"@type":"ImageObject","@id":"https:\/\/latelierdemat.com\/?p=4325#primaryimage","inLanguage":"fr-FR","url":"https:\/\/latelierdemat.com\/wp-content\/uploads\/2018\/06\/Adaptation-dun-piano-en-bureau.png","contentUrl":"https:\/\/latelierdemat.com\/wp-content\/uploads\/2018\/06\/Adaptation-dun-piano-en-bureau.png","width":400,"height":400},{"@type":"WebPage","@id":"https:\/\/latelierdemat.com\/?p=4325#webpage","url":"https:\/\/latelierdemat.com\/?p=4325","name":"Adapter un piano droit en bureau - L&#039;atelier de Mat","isPartOf":{"@id":"https:\/\/latelierdemat.com\/#website"},"primaryImageOfPage":{"@id":"https:\/\/latelierdemat.com\/?p=4325#primaryimage"},"datePublished":"2018-06-06T15:58:34+00:00","dateModified":"2018-06-06T15:58:34+00:00","author":{"@id":"https:\/\/latelierdemat.com\/#\/schema\/person\/8a5ae2a2c36adb8a62a1ad784fbcaf98"},"description":"D\u00e9couvrez comment modifier \u00e9tape par \u00e9tape un vieux piano droit en bureau. Comment le vider, comment l'adapter et comment lui donner un tout nouveau look !","breadcrumb":{"@id":"https:\/\/latelierdemat.com\/?p=4325#breadcrumb"},"inLanguage":"fr-FR","potentialAction":[{"@type":"ReadAction","target":["https:\/\/latelierdemat.com\/?p=4325"]}]},{"@type":"BreadcrumbList","@id":"https:\/\/latelierdemat.com\/?p=4325#breadcrumb","itemListElement":[{"@type":"ListItem","position":1,"name":"Accueil","item":"https:\/\/latelierdemat.com\/"},{"@type":"ListItem","position":2,"name":"Adapter un piano droit en bureau"}]},{"@type":"Person","@id":"https:\/\/latelierdemat.com\/#\/schema\/person\/8a5ae2a2c36adb8a62a1ad784fbcaf98","name":"Mat","image":{"@type":"ImageObject","@id":"https:\/\/latelierdemat.com\/#personlogo","inLanguage":"fr-FR","url":"https:\/\/secure.gravatar.com\/avatar\/514074b8b21591ae84355f7c1eddab3c?s=96&d=mm&r=g","contentUrl":"https:\/\/secure.gravatar.com\/avatar\/514074b8b21591ae84355f7c1eddab3c?s=96&d=mm&r=g","caption":"Mat"}}]}},"jetpack_featured_media_url":"https:\/\/latelierdemat.com\/wp-content\/uploads\/2018\/06\/Adaptation-dun-piano-en-bureau.png","jetpack-related-posts":[{"id":3788,"url":"https:\/\/latelierdemat.com\/?p=3788","url_meta":{"origin":4325,"position":0},"title":"Adapter un piano en bureau : Partie 1","date":"26 janvier 2018","format":false,"excerpt":"Hello les amis. Depuis quelques semaines maintenant, je vous parle de la transformation d'un piano que je suis en train d'effectuer pour en faire un bureau pour ma petite femme .La premi\u00e8re fois que j'ai mentionn\u00e9 ce piano, c'\u00e9tait dans l'article \"Les r\u00e9cups : Automne 2016\", autant dire que cela\u2026","rel":"","context":"Dans &quot;Transformation&quot;","img":{"alt_text":"","src":"https:\/\/i1.wp.com\/latelierdemat.com\/wp-content\/uploads\/2018\/01\/Partie-1.png?resize=350%2C200&ssl=1","width":350,"height":200},"classes":[]},{"id":3910,"url":"https:\/\/latelierdemat.com\/?p=3910","url_meta":{"origin":4325,"position":1},"title":"Des \u00e9tag\u00e8res suspendues \u00e0 petit budget","date":"20 f\u00e9vrier 2018","format":false,"excerpt":"Les amis, je vais vous dire un petit secret : je suis fatigu\u00e9 de dire en permanence \u00e0 mes enfants: \"Rangez moi tous vos Playmobil qui tra\u00eenent\". Mes 3 enfants adorent s'amuser avec, et surtout les d\u00e9monter \u00e0 priori, ce qui r\u00e9sulte souvent en un gros tas de bord**. Pourtant\u2026","rel":"","context":"Dans &quot;Cr\u00e9ations&quot;","img":{"alt_text":"","src":"https:\/\/i0.wp.com\/latelierdemat.com\/wp-content\/uploads\/2018\/02\/Etagere-suspendue-petit-budget.jpg?resize=350%2C200&ssl=1","width":350,"height":200},"classes":[]},{"id":1449,"url":"https:\/\/latelierdemat.com\/?p=1449","url_meta":{"origin":4325,"position":2},"title":"Mon bureau bleu","date":"25 septembre 2016","format":false,"excerpt":"Dans l'article R\u00e9centes acquisitions\u00a0en avril, je\u00a0vous avais racont\u00e9 comment j'avais acquis ce bureau. On est maintenant en septembre et je suis heureux de pouvoir vous montrer enfin le r\u00e9sultat. \u00c7a\u00a0n'a pas \u00e9t\u00e9 facile, cela a \u00e9t\u00e9 long car il y a eu des moments de d\u00e9couragements car parfois \u00e7a ne\u2026","rel":"","context":"Dans &quot;Restylage&quot;","img":{"alt_text":"","src":"https:\/\/i2.wp.com\/latelierdemat.com\/wp-content\/uploads\/2016\/09\/BBN-25.jpg?resize=350%2C200&ssl=1","width":350,"height":200},"classes":[]},{"id":4132,"url":"https:\/\/latelierdemat.com\/?p=4132","url_meta":{"origin":4325,"position":3},"title":"Transformer un lit en banc","date":"10 avril 2018","format":false,"excerpt":"Si comme moi, vous aimez relooker ou transformer des vieux meubles, vous devez connaitre cette sensation que cela fait quand, au d\u00e9tour d'une rue, vous voyez un meuble pos\u00e9 sur le trottoir \u00e0 c\u00f4t\u00e9 d'une poubelle ;). En g\u00e9n\u00e9ral \u00e7a se met \u00e0 cogiter tr\u00e8s vite dans notre t\u00eate et\u2026","rel":"","context":"Dans &quot;Transformation&quot;","img":{"alt_text":"","src":"https:\/\/i0.wp.com\/latelierdemat.com\/wp-content\/uploads\/2018\/04\/Lit-transform\u00e9-en-banc.jpg?resize=350%2C200&ssl=1","width":350,"height":200},"classes":[]},{"id":5930,"url":"https:\/\/latelierdemat.com\/?p=5930","url_meta":{"origin":4325,"position":4},"title":"Un lit recycl\u00e9 en \u00e9tag\u00e8re","date":"28 f\u00e9vrier 2020","format":false,"excerpt":"Lors des f\u00eates de fin d'ann\u00e9e toute la petite famille est mont\u00e9e, chiens compris, en r\u00e9gion Centre pour f\u00eater Noel avec ma m\u00e8re et ma s\u0153ur. Et je ne pouvais pas rater cette occasion pour faire un cadeau \u00e0 ma petite maman. Elle m'avait parl\u00e9 qu'elle ajouterait bien une \u00e9tag\u00e8re\u2026","rel":"","context":"Dans &quot;Cr\u00e9ations&quot;","img":{"alt_text":"","src":"https:\/\/i0.wp.com\/latelierdemat.com\/wp-content\/uploads\/2020\/02\/Lit-recycl\u00e9-en-etagere.png?resize=350%2C200&ssl=1","width":350,"height":200},"classes":[]},{"id":2827,"url":"https:\/\/latelierdemat.com\/?p=2827","url_meta":{"origin":4325,"position":5},"title":"Un support pour cadres photos en palette","date":"30 mai 2017","format":false,"excerpt":"Si je devais r\u00e9sumer ces derniers jours, je dirais bien s\u00fbr qu'il a fait tr\u00e8s chaud mais surtout que j'ai \u00e9t\u00e9 victime d'une allergie prononc\u00e9e au pollen. Pour ceux qui souffrent aussi de cela, vous imaginez bien que j'\u00e9tais dans un \u00e9tat pitoyable. Pour ces deux raisons j'ai donc mis\u2026","rel":"","context":"Dans &quot;Cr\u00e9ations&quot;","img":{"alt_text":"","src":"https:\/\/i0.wp.com\/latelierdemat.com\/wp-content\/uploads\/2017\/05\/Support-photos-en-palette-style-farmhouse-1.jpg?resize=350%2C200&ssl=1","width":350,"height":200},"classes":[]}],"jetpack_likes_enabled":true,"_links":{"self":[{"href":"https:\/\/latelierdemat.com\/index.php?rest_route=\/wp\/v2\/posts\/4325"}],"collection":[{"href":"https:\/\/latelierdemat.com\/index.php?rest_route=\/wp\/v2\/posts"}],"about":[{"href":"https:\/\/latelierdemat.com\/index.php?rest_route=\/wp\/v2\/types\/post"}],"author":[{"embeddable":true,"href":"https:\/\/latelierdemat.com\/index.php?rest_route=\/wp\/v2\/users\/3"}],"replies":[{"embeddable":true,"href":"https:\/\/latelierdemat.com\/index.php?rest_route=%2Fwp%2Fv2%2Fcomments&post=4325"}],"version-history":[{"count":19,"href":"https:\/\/latelierdemat.com\/index.php?rest_route=\/wp\/v2\/posts\/4325\/revisions"}],"predecessor-version":[{"id":4403,"href":"https:\/\/latelierdemat.com\/index.php?rest_route=\/wp\/v2\/posts\/4325\/revisions\/4403"}],"wp:featuredmedia":[{"embeddable":true,"href":"https:\/\/latelierdemat.com\/index.php?rest_route=\/wp\/v2\/media\/4394"}],"wp:attachment":[{"href":"https:\/\/latelierdemat.com\/index.php?rest_route=%2Fwp%2Fv2%2Fmedia&parent=4325"}],"wp:term":[{"taxonomy":"category","embeddable":true,"href":"https:\/\/latelierdemat.com\/index.php?rest_route=%2Fwp%2Fv2%2Fcategories&post=4325"},{"taxonomy":"post_tag","embeddable":true,"href":"https:\/\/latelierdemat.com\/index.php?rest_route=%2Fwp%2Fv2%2Ftags&post=4325"}],"curies":[{"name":"wp","href":"https:\/\/api.w.org\/{rel}","templated":true}]}}