{"id":4404,"date":"2018-06-29T15:05:40","date_gmt":"2018-06-29T13:05:40","guid":{"rendered":"http:\/\/latelierdemat.com\/?p=4404"},"modified":"2018-06-29T15:05:40","modified_gmt":"2018-06-29T13:05:40","slug":"relooker-un-miroir-avec-une-seule-planche","status":"publish","type":"post","link":"https:\/\/latelierdemat.com\/?p=4404","title":{"rendered":"Relooker un miroir avec une seule planche"},"content":{"rendered":"<p>Hello les amis. Si vous me suivez depuis quelques temps maintenant, vous savez peut-\u00eatre qu\u2019apr\u00e8s la r\u00e9alisation d&rsquo;un <a href=\"http:\/\/latelierdemat.com\/?p=4325\" target=\"_blank\" rel=\"nofollow noopener\">gros projet<\/a>, j&rsquo;aime bien encha\u00eener avec un projet plus petit histoire de me d\u00e9tendre ;). Ce petit miroir que j&rsquo;avais r\u00e9cup\u00e9r\u00e9 il y a plusieurs mois \u00e0 la poubelle (article ici) m&rsquo;est donc apparu comme un bon client pour un relooking. Parce qu&rsquo;il faut \u00eatre honn\u00eate, m\u00eame si le miroir est de bonne qualit\u00e9, le cadre quant \u00e0 lui est loin d\u2019\u00eatre sexy. Et en plus je ne sais pas pourquoi mais il a toujours \u00e9t\u00e9 gras et senti la frite ;).<\/p>\n<p><a href=\"http:\/\/latelierdemat.com\/wp-content\/uploads\/2018\/06\/Miroir-avant-relooking.jpg\"><img loading=\"lazy\" class=\"aligncenter size-full wp-image-4405\" src=\"http:\/\/latelierdemat.com\/wp-content\/uploads\/2018\/06\/Miroir-avant-relooking.jpg\" alt=\"\" width=\"680\" height=\"510\" srcset=\"https:\/\/latelierdemat.com\/wp-content\/uploads\/2018\/06\/Miroir-avant-relooking.jpg 680w, https:\/\/latelierdemat.com\/wp-content\/uploads\/2018\/06\/Miroir-avant-relooking-400x300.jpg 400w, https:\/\/latelierdemat.com\/wp-content\/uploads\/2018\/06\/Miroir-avant-relooking-200x150.jpg 200w, https:\/\/latelierdemat.com\/wp-content\/uploads\/2018\/06\/Miroir-avant-relooking-560x420.jpg 560w\" sizes=\"(max-width: 680px) 100vw, 680px\" \/><\/a><\/p>\n<p>Alors refaire un cadre juste comme \u00e7a, il faut bien avouer que cela n&rsquo;avait rien d&rsquo;excitant ou de marrant. Et je me suis rappel\u00e9 que j&rsquo;avais cette vieille planche qui tra\u00eenait dans l&rsquo;atelier. Je vous confirme qu&rsquo;elle est en aussi mauvais \u00e9tat en vrai qu&rsquo;elle en a l&rsquo;air sur la photo ;). De m\u00e9moire elle provient d&rsquo;un vieux meuble que j&rsquo;avais d\u00e9mont\u00e9 et dont je m\u2019\u00e9tais servi du plateau pour r\u00e9aliser <a href=\"http:\/\/latelierdemat.com\/?p=2329\" target=\"_blank\" rel=\"nofollow noopener\">ce banc<\/a>. Cela va \u00eatre un petit d\u00e9fi sympa de ne pouvoir utiliser que cette seule planche !<\/p>\n<p><a href=\"http:\/\/latelierdemat.com\/wp-content\/uploads\/2018\/06\/Vieille-planche.jpg\"><img loading=\"lazy\" class=\"aligncenter size-full wp-image-4406\" src=\"http:\/\/latelierdemat.com\/wp-content\/uploads\/2018\/06\/Vieille-planche.jpg\" alt=\"\" width=\"680\" height=\"907\" srcset=\"https:\/\/latelierdemat.com\/wp-content\/uploads\/2018\/06\/Vieille-planche.jpg 680w, https:\/\/latelierdemat.com\/wp-content\/uploads\/2018\/06\/Vieille-planche-400x534.jpg 400w, https:\/\/latelierdemat.com\/wp-content\/uploads\/2018\/06\/Vieille-planche-150x200.jpg 150w, https:\/\/latelierdemat.com\/wp-content\/uploads\/2018\/06\/Vieille-planche-560x747.jpg 560w\" sizes=\"(max-width: 680px) 100vw, 680px\" \/><\/a><\/p>\n<p>La premi\u00e8re \u00e9tape avant d&rsquo;utiliser le moindre outil pour travailler cette vieille planche, a \u00e9t\u00e9 d&rsquo;enlever les clous, les vis et tous les morceaux de fer qui pouvaient tra\u00eener dessus ou dedans et causer un accident.<\/p>\n<p><a href=\"http:\/\/latelierdemat.com\/wp-content\/uploads\/2018\/06\/Vieux-clous-a-retirer.jpg\"><img loading=\"lazy\" class=\"aligncenter size-full wp-image-4423\" src=\"http:\/\/latelierdemat.com\/wp-content\/uploads\/2018\/06\/Vieux-clous-a-retirer.jpg\" alt=\"\" width=\"680\" height=\"510\" srcset=\"https:\/\/latelierdemat.com\/wp-content\/uploads\/2018\/06\/Vieux-clous-a-retirer.jpg 680w, https:\/\/latelierdemat.com\/wp-content\/uploads\/2018\/06\/Vieux-clous-a-retirer-400x300.jpg 400w, https:\/\/latelierdemat.com\/wp-content\/uploads\/2018\/06\/Vieux-clous-a-retirer-200x150.jpg 200w, https:\/\/latelierdemat.com\/wp-content\/uploads\/2018\/06\/Vieux-clous-a-retirer-560x420.jpg 560w\" sizes=\"(max-width: 680px) 100vw, 680px\" \/><\/a><\/p>\n<p>Certains comme ceux ci dessus sont \u00e9vidents mais d&rsquo;autres se cachent et parfois sous la surface du bois. En effet il arrive fr\u00e9quemment qu&rsquo;un clou ait cass\u00e9 et qu&rsquo;un bout soit encore log\u00e9 dans la planche. Pour \u00e9viter toute mauvaise surprise, j&rsquo;utilise un d\u00e9tecteur de m\u00e9tal. Pour une vingtaine d&rsquo;euros cela permet de ne pas flinguer une machine si la lame rencontrait un morceau de fer mais surtout cela \u00e9vite de se blesser !<\/p>\n<p><a href=\"http:\/\/latelierdemat.com\/wp-content\/uploads\/2018\/06\/D\u00e9tecteur-de-clous.jpg\"><img loading=\"lazy\" class=\"aligncenter size-full wp-image-4454\" src=\"http:\/\/latelierdemat.com\/wp-content\/uploads\/2018\/06\/D\u00e9tecteur-de-clous.jpg\" alt=\"\" width=\"680\" height=\"907\" srcset=\"https:\/\/latelierdemat.com\/wp-content\/uploads\/2018\/06\/D\u00e9tecteur-de-clous.jpg 680w, https:\/\/latelierdemat.com\/wp-content\/uploads\/2018\/06\/D\u00e9tecteur-de-clous-400x534.jpg 400w, https:\/\/latelierdemat.com\/wp-content\/uploads\/2018\/06\/D\u00e9tecteur-de-clous-150x200.jpg 150w, https:\/\/latelierdemat.com\/wp-content\/uploads\/2018\/06\/D\u00e9tecteur-de-clous-560x747.jpg 560w\" sizes=\"(max-width: 680px) 100vw, 680px\" \/><\/a><\/p>\n<p>Apres une inspection de la planche et la d\u00e9couverte de quelques clous \u00ab\u00a0cach\u00e9s\u00a0\u00bb, voici le butin obtenu \ud83d\ude42<\/p>\n<p><a href=\"http:\/\/latelierdemat.com\/wp-content\/uploads\/2018\/06\/Lot-de-clous-retir\u00e9s.jpg\"><img loading=\"lazy\" class=\"aligncenter size-full wp-image-4424\" src=\"http:\/\/latelierdemat.com\/wp-content\/uploads\/2018\/06\/Lot-de-clous-retir\u00e9s.jpg\" alt=\"\" width=\"680\" height=\"510\" srcset=\"https:\/\/latelierdemat.com\/wp-content\/uploads\/2018\/06\/Lot-de-clous-retir\u00e9s.jpg 680w, https:\/\/latelierdemat.com\/wp-content\/uploads\/2018\/06\/Lot-de-clous-retir\u00e9s-400x300.jpg 400w, https:\/\/latelierdemat.com\/wp-content\/uploads\/2018\/06\/Lot-de-clous-retir\u00e9s-200x150.jpg 200w, https:\/\/latelierdemat.com\/wp-content\/uploads\/2018\/06\/Lot-de-clous-retir\u00e9s-560x420.jpg 560w\" sizes=\"(max-width: 680px) 100vw, 680px\" \/><\/a><\/p>\n<p>Cette premi\u00e8re \u00e9tape de \u00ab\u00a0s\u00e9curisation du mat\u00e9riau\u00a0\u00bb effectu\u00e9, j&rsquo;ai d\u00e9coup\u00e9 la planche en trois parts dans le sens de la longueur. Une des planches est l\u00e9g\u00e8rement plus large de quelques centim\u00e8tres. Je l&rsquo;ai laiss\u00e9e ainsi afin d&rsquo;avoir un bas de cadre\u00a0 plus large que le reste pour un effet esth\u00e9tique.<\/p>\n<p><a href=\"http:\/\/latelierdemat.com\/wp-content\/uploads\/2018\/06\/Vieille-planche-d\u00e9bit\u00e9e.jpg\"><img loading=\"lazy\" class=\"aligncenter size-full wp-image-4407\" src=\"http:\/\/latelierdemat.com\/wp-content\/uploads\/2018\/06\/Vieille-planche-d\u00e9bit\u00e9e.jpg\" alt=\"\" width=\"680\" height=\"907\" srcset=\"https:\/\/latelierdemat.com\/wp-content\/uploads\/2018\/06\/Vieille-planche-d\u00e9bit\u00e9e.jpg 680w, https:\/\/latelierdemat.com\/wp-content\/uploads\/2018\/06\/Vieille-planche-d\u00e9bit\u00e9e-400x534.jpg 400w, https:\/\/latelierdemat.com\/wp-content\/uploads\/2018\/06\/Vieille-planche-d\u00e9bit\u00e9e-150x200.jpg 150w, https:\/\/latelierdemat.com\/wp-content\/uploads\/2018\/06\/Vieille-planche-d\u00e9bit\u00e9e-560x747.jpg 560w\" sizes=\"(max-width: 680px) 100vw, 680px\" \/><\/a><\/p>\n<p>La partie la plus longue ensuite a \u00e9t\u00e9 la r\u00e9flexion. Et oui parfois je passe plus de temps \u00e0 r\u00e9fl\u00e9chir \u00e0 comment d\u00e9couper les planches lors d&rsquo;un projet, qu&rsquo;\u00e0 effectuer la d\u00e9coupe. Le d\u00e9fi \u00e9tant de r\u00e9aliser tout le projet avec une seule planche, pas de droit \u00e0 l&rsquo;erreur ;)! C&rsquo;est donc apr\u00e8s m\u2019\u00eatre assur\u00e9 \u00e0 plusieurs reprises, que toutes les mesures collerai et, que j&rsquo;ai sci\u00e9 les pi\u00e8ces aux bonnes dimensions.<\/p>\n<p><a href=\"http:\/\/latelierdemat.com\/wp-content\/uploads\/2018\/06\/Mise-aux-dimensions-dune-planche.jpg\"><img loading=\"lazy\" class=\"aligncenter size-full wp-image-4408\" src=\"http:\/\/latelierdemat.com\/wp-content\/uploads\/2018\/06\/Mise-aux-dimensions-dune-planche.jpg\" alt=\"\" width=\"680\" height=\"510\" srcset=\"https:\/\/latelierdemat.com\/wp-content\/uploads\/2018\/06\/Mise-aux-dimensions-dune-planche.jpg 680w, https:\/\/latelierdemat.com\/wp-content\/uploads\/2018\/06\/Mise-aux-dimensions-dune-planche-400x300.jpg 400w, https:\/\/latelierdemat.com\/wp-content\/uploads\/2018\/06\/Mise-aux-dimensions-dune-planche-200x150.jpg 200w, https:\/\/latelierdemat.com\/wp-content\/uploads\/2018\/06\/Mise-aux-dimensions-dune-planche-560x420.jpg 560w\" sizes=\"(max-width: 680px) 100vw, 680px\" \/><\/a><\/p>\n<p>Etant limit\u00e9 en bois avec cette seule planche, je ne pouvais pas faire d&rsquo;assemblage \u00ab\u00a0classiques\u00a0\u00bb comme du tenon\/mortaise ou du mi-bois pour le cadre du miroir. Heureusement je poss\u00e8de ce kit Kreg Mini et il me sort toujours des situations un peu \u00ab\u00a0gal\u00e8res\u00a0\u00bb. C&rsquo;est rapide et super simple en plus de s&rsquo;en servir. On place le gabarit ou l&rsquo;on veut mettre une vis et on perce avec le for\u00eat livr\u00e9 avec.<\/p>\n<p><a href=\"http:\/\/latelierdemat.com\/wp-content\/uploads\/2018\/06\/Kreg-Pocket-mini.jpg\"><img loading=\"lazy\" class=\"aligncenter size-full wp-image-4409\" src=\"http:\/\/latelierdemat.com\/wp-content\/uploads\/2018\/06\/Kreg-Pocket-mini.jpg\" alt=\"\" width=\"680\" height=\"510\" srcset=\"https:\/\/latelierdemat.com\/wp-content\/uploads\/2018\/06\/Kreg-Pocket-mini.jpg 680w, https:\/\/latelierdemat.com\/wp-content\/uploads\/2018\/06\/Kreg-Pocket-mini-400x300.jpg 400w, https:\/\/latelierdemat.com\/wp-content\/uploads\/2018\/06\/Kreg-Pocket-mini-200x150.jpg 200w, https:\/\/latelierdemat.com\/wp-content\/uploads\/2018\/06\/Kreg-Pocket-mini-560x420.jpg 560w\" sizes=\"(max-width: 680px) 100vw, 680px\" \/><\/a><\/p>\n<p>Comme ma planche est assez large, j&rsquo;ai mis plusieurs vis car le bois \u00e9tant ancien je voulais \u00eatre s\u00fbr que cela tienne correctement. Je ne prends pas de mesure pour positionner les trous, je le fais \u00e0 l&rsquo;\u0153il. Avec un peu d&rsquo;habitude cela se passe tr\u00e8s bien. Il ne me restait plus qu&rsquo;\u00e0 visser \u00e0 l&rsquo;aide de l&#8217;embout qui va bien.<\/p>\n<p><a href=\"http:\/\/latelierdemat.com\/wp-content\/uploads\/2018\/06\/Vissage-vis-Kreg.jpg\"><img loading=\"lazy\" class=\"aligncenter size-full wp-image-4410\" src=\"http:\/\/latelierdemat.com\/wp-content\/uploads\/2018\/06\/Vissage-vis-Kreg.jpg\" alt=\"\" width=\"680\" height=\"510\" srcset=\"https:\/\/latelierdemat.com\/wp-content\/uploads\/2018\/06\/Vissage-vis-Kreg.jpg 680w, https:\/\/latelierdemat.com\/wp-content\/uploads\/2018\/06\/Vissage-vis-Kreg-400x300.jpg 400w, https:\/\/latelierdemat.com\/wp-content\/uploads\/2018\/06\/Vissage-vis-Kreg-200x150.jpg 200w, https:\/\/latelierdemat.com\/wp-content\/uploads\/2018\/06\/Vissage-vis-Kreg-560x420.jpg 560w\" sizes=\"(max-width: 680px) 100vw, 680px\" \/><\/a><\/p>\n<p>Le r\u00e9sultat obtenu est propre et , cela ne se voit pas sur la photo, mais c&rsquo;est vraiment costaud comme assemblage. Cela m&rsquo;a surtout fait \u00e9conomiser de la longueur de planche, ce que n&rsquo;aurait pas permis un autre type d&rsquo;assemblage.<\/p>\n<p><a href=\"http:\/\/latelierdemat.com\/wp-content\/uploads\/2018\/06\/R\u00e9sultat-assemblage-vis-Kreg.jpg\"><img loading=\"lazy\" class=\"aligncenter size-full wp-image-4411\" src=\"http:\/\/latelierdemat.com\/wp-content\/uploads\/2018\/06\/R\u00e9sultat-assemblage-vis-Kreg.jpg\" alt=\"\" width=\"680\" height=\"510\" srcset=\"https:\/\/latelierdemat.com\/wp-content\/uploads\/2018\/06\/R\u00e9sultat-assemblage-vis-Kreg.jpg 680w, https:\/\/latelierdemat.com\/wp-content\/uploads\/2018\/06\/R\u00e9sultat-assemblage-vis-Kreg-400x300.jpg 400w, https:\/\/latelierdemat.com\/wp-content\/uploads\/2018\/06\/R\u00e9sultat-assemblage-vis-Kreg-200x150.jpg 200w, https:\/\/latelierdemat.com\/wp-content\/uploads\/2018\/06\/R\u00e9sultat-assemblage-vis-Kreg-560x420.jpg 560w\" sizes=\"(max-width: 680px) 100vw, 680px\" \/><\/a><\/p>\n<p>Le cadre r\u00e9alis\u00e9, il \u00e9tait temps de cr\u00e9er la feuillure afin de pouvoir y ins\u00e9rer le miroir. Pour cela j&rsquo;ai donc install\u00e9 la fraise \u00e0&#8230;..feuillure (et oui parfois le nom d&rsquo;un outil parle de lui m\u00eame ;)) sur ma d\u00e9fonceuse.<\/p>\n<p><a href=\"http:\/\/latelierdemat.com\/wp-content\/uploads\/2018\/06\/Fraise-a-feuillure.jpg\"><img loading=\"lazy\" class=\"aligncenter size-full wp-image-4412\" src=\"http:\/\/latelierdemat.com\/wp-content\/uploads\/2018\/06\/Fraise-a-feuillure.jpg\" alt=\"\" width=\"680\" height=\"510\" srcset=\"https:\/\/latelierdemat.com\/wp-content\/uploads\/2018\/06\/Fraise-a-feuillure.jpg 680w, https:\/\/latelierdemat.com\/wp-content\/uploads\/2018\/06\/Fraise-a-feuillure-400x300.jpg 400w, https:\/\/latelierdemat.com\/wp-content\/uploads\/2018\/06\/Fraise-a-feuillure-200x150.jpg 200w, https:\/\/latelierdemat.com\/wp-content\/uploads\/2018\/06\/Fraise-a-feuillure-560x420.jpg 560w\" sizes=\"(max-width: 680px) 100vw, 680px\" \/><\/a><\/p>\n<p>Le seul petit inconv\u00e9nient est que mon miroir est rectangulaire et que la fraise ne r\u00e9alise pas de coin \u00e0 angle droit. Bizarre hein ;). J&rsquo;ai donc trac\u00e9 le surplus \u00e0 enlever \u00e0 l&rsquo;aide de mon \u00e9querre \u00e0 combinaison.<\/p>\n<p><a href=\"http:\/\/latelierdemat.com\/wp-content\/uploads\/2018\/06\/Tracage-coin-feuillure.jpg\"><img loading=\"lazy\" class=\"aligncenter size-full wp-image-4413\" src=\"http:\/\/latelierdemat.com\/wp-content\/uploads\/2018\/06\/Tracage-coin-feuillure.jpg\" alt=\"\" width=\"680\" height=\"510\" srcset=\"https:\/\/latelierdemat.com\/wp-content\/uploads\/2018\/06\/Tracage-coin-feuillure.jpg 680w, https:\/\/latelierdemat.com\/wp-content\/uploads\/2018\/06\/Tracage-coin-feuillure-400x300.jpg 400w, https:\/\/latelierdemat.com\/wp-content\/uploads\/2018\/06\/Tracage-coin-feuillure-200x150.jpg 200w, https:\/\/latelierdemat.com\/wp-content\/uploads\/2018\/06\/Tracage-coin-feuillure-560x420.jpg 560w\" sizes=\"(max-width: 680px) 100vw, 680px\" \/><\/a><\/p>\n<p>Apr\u00e8s quelques\u00a0minutes \u00e0 jouer du ciseau \u00e0 bois, j&rsquo;ai pu obtenir des coins carr\u00e9s. On peut se rendre compte sur cette photo que le bois n&rsquo;est pas en mauvais \u00e9tat de ce c\u00f4t\u00e9 l\u00e0. Il est bien solide et ne tombera pas en morceaux comme pourrait le laisser penser l\u2019allure g\u00e9n\u00e9rale de la planche.<\/p>\n<p><a href=\"http:\/\/latelierdemat.com\/wp-content\/uploads\/2018\/06\/R\u00e9sultat-feuillure-cadre.jpg\"><img loading=\"lazy\" class=\"aligncenter size-full wp-image-4414\" src=\"http:\/\/latelierdemat.com\/wp-content\/uploads\/2018\/06\/R\u00e9sultat-feuillure-cadre.jpg\" alt=\"\" width=\"680\" height=\"510\" srcset=\"https:\/\/latelierdemat.com\/wp-content\/uploads\/2018\/06\/R\u00e9sultat-feuillure-cadre.jpg 680w, https:\/\/latelierdemat.com\/wp-content\/uploads\/2018\/06\/R\u00e9sultat-feuillure-cadre-400x300.jpg 400w, https:\/\/latelierdemat.com\/wp-content\/uploads\/2018\/06\/R\u00e9sultat-feuillure-cadre-200x150.jpg 200w, https:\/\/latelierdemat.com\/wp-content\/uploads\/2018\/06\/R\u00e9sultat-feuillure-cadre-560x420.jpg 560w\" sizes=\"(max-width: 680px) 100vw, 680px\" \/><\/a><\/p>\n<p>Le rendu du cadre vu de face a d\u00e9j\u00e0 du cachet. Le bois est ab\u00eem\u00e9 certes mais solide. Et c&rsquo;est toujours plus sympa un mat\u00e9riau qui a du v\u00e9cu comme cette planche plut\u00f4t qu&rsquo;un bout de sapin tout neuf. Le seul petit hic est l&rsquo;encoche dans le haut du cadre mais j&rsquo;ai d\u00fb faire ce compromis pour avoir assez de longueur de bois pour r\u00e9aliser le cadre.<\/p>\n<p><a href=\"http:\/\/latelierdemat.com\/wp-content\/uploads\/2018\/06\/Cadre-miroir-en-construction.jpg\"><img loading=\"lazy\" class=\"aligncenter size-full wp-image-4415\" src=\"http:\/\/latelierdemat.com\/wp-content\/uploads\/2018\/06\/Cadre-miroir-en-construction.jpg\" alt=\"\" width=\"680\" height=\"907\" srcset=\"https:\/\/latelierdemat.com\/wp-content\/uploads\/2018\/06\/Cadre-miroir-en-construction.jpg 680w, https:\/\/latelierdemat.com\/wp-content\/uploads\/2018\/06\/Cadre-miroir-en-construction-400x534.jpg 400w, https:\/\/latelierdemat.com\/wp-content\/uploads\/2018\/06\/Cadre-miroir-en-construction-150x200.jpg 150w, https:\/\/latelierdemat.com\/wp-content\/uploads\/2018\/06\/Cadre-miroir-en-construction-560x747.jpg 560w\" sizes=\"(max-width: 680px) 100vw, 680px\" \/><\/a><\/p>\n<p>De plus je savais que je pourrais venir facilement \u00e0 bout de ce petit \u00ab\u00a0probl\u00e8me\u00a0\u00bb : il suffirait de boucher le trou !\u00a0Grace aux chutes engendr\u00e9es pendant la d\u00e9coupe des pi\u00e8ces, j&rsquo;avais de la mati\u00e8re pour tailler un petit morceau qui comblerait le trou.<\/p>\n<p><a href=\"http:\/\/latelierdemat.com\/wp-content\/uploads\/2018\/06\/Reparation-cadre-avant-.jpg\"><img loading=\"lazy\" class=\"aligncenter size-full wp-image-4416\" src=\"http:\/\/latelierdemat.com\/wp-content\/uploads\/2018\/06\/Reparation-cadre-avant-.jpg\" alt=\"\" width=\"680\" height=\"510\" srcset=\"https:\/\/latelierdemat.com\/wp-content\/uploads\/2018\/06\/Reparation-cadre-avant-.jpg 680w, https:\/\/latelierdemat.com\/wp-content\/uploads\/2018\/06\/Reparation-cadre-avant--400x300.jpg 400w, https:\/\/latelierdemat.com\/wp-content\/uploads\/2018\/06\/Reparation-cadre-avant--200x150.jpg 200w, https:\/\/latelierdemat.com\/wp-content\/uploads\/2018\/06\/Reparation-cadre-avant--560x420.jpg 560w\" sizes=\"(max-width: 680px) 100vw, 680px\" \/><\/a><\/p>\n<p>J&rsquo;ai juste eu \u00e0 prendre la mesure du trou et \u00e0 d\u00e9couper le morceau dont j&rsquo;avais besoin. J&rsquo;ai ponc\u00e9 et v\u00e9rifi\u00e9 que celui s\u2019ins\u00e9rait bien sans forcer, puis j&rsquo;ai appliqu\u00e9 de la colle blanche \u00e0 bois classique et j&rsquo;ai mis le morceau en place. Pour enlever le surplus de colle, j&rsquo;ai une petite astuce: je frotte de la sciure sur les endroits d&rsquo;o\u00f9 la colle sort, ce qui a pour effet de l&rsquo;absorber.<\/p>\n<p><a href=\"http:\/\/latelierdemat.com\/wp-content\/uploads\/2018\/06\/Reparation-cadre-apres.jpg\"><img loading=\"lazy\" class=\"aligncenter size-full wp-image-4417\" src=\"http:\/\/latelierdemat.com\/wp-content\/uploads\/2018\/06\/Reparation-cadre-apres.jpg\" alt=\"\" width=\"680\" height=\"510\" srcset=\"https:\/\/latelierdemat.com\/wp-content\/uploads\/2018\/06\/Reparation-cadre-apres.jpg 680w, https:\/\/latelierdemat.com\/wp-content\/uploads\/2018\/06\/Reparation-cadre-apres-400x300.jpg 400w, https:\/\/latelierdemat.com\/wp-content\/uploads\/2018\/06\/Reparation-cadre-apres-200x150.jpg 200w, https:\/\/latelierdemat.com\/wp-content\/uploads\/2018\/06\/Reparation-cadre-apres-560x420.jpg 560w\" sizes=\"(max-width: 680px) 100vw, 680px\" \/><\/a><\/p>\n<p>L&rsquo;inconv\u00e9nient de travailler avec du vieux bois, et en particulier sur un cadre, est que l&rsquo;\u00e9paisseur du bois n&rsquo;est pas \u00e9gale selon les endroits. Cela peut donc amener \u00e0 avoir des \u00ab\u00a0\u00e9carts \u00a0\u00bb au niveau des assemblages. Pour rem\u00e9dier \u00e0 cela j&rsquo;ai sorti ma meuleuse et un disque \u00e0 meuler tr\u00e8s us\u00e9. Pourquoi ? En fait le disque est tellement us\u00e9 qu&rsquo;il enl\u00e8ve tres peu de mati\u00e8re ce qui me laisse un plus grand contr\u00f4le sur le r\u00e9sultat.<\/p>\n<p><a href=\"http:\/\/latelierdemat.com\/wp-content\/uploads\/2018\/06\/Disque-a-meuler-us\u00e9.jpg\"><img loading=\"lazy\" class=\"aligncenter size-full wp-image-4418\" src=\"http:\/\/latelierdemat.com\/wp-content\/uploads\/2018\/06\/Disque-a-meuler-us\u00e9.jpg\" alt=\"\" width=\"680\" height=\"510\" srcset=\"https:\/\/latelierdemat.com\/wp-content\/uploads\/2018\/06\/Disque-a-meuler-us\u00e9.jpg 680w, https:\/\/latelierdemat.com\/wp-content\/uploads\/2018\/06\/Disque-a-meuler-us\u00e9-400x300.jpg 400w, https:\/\/latelierdemat.com\/wp-content\/uploads\/2018\/06\/Disque-a-meuler-us\u00e9-200x150.jpg 200w, https:\/\/latelierdemat.com\/wp-content\/uploads\/2018\/06\/Disque-a-meuler-us\u00e9-560x420.jpg 560w\" sizes=\"(max-width: 680px) 100vw, 680px\" \/><\/a><\/p>\n<p>Apr\u00e8s quelques minutes, tous les assemblages aux angles du cadre \u00e9taient de m\u00eame niveau. J&rsquo;en ai profit\u00e9 aussi pour enlever le vernis qui \u00e9tait de mauvaise qualit\u00e9, sale et plein d\u2019asp\u00e9rit\u00e9s. Une partie de la patine est donc partie avec mais ce n&rsquo;est pas tr\u00e8s grave car j&rsquo;ai un plan ;).<\/p>\n<p><a href=\"http:\/\/latelierdemat.com\/wp-content\/uploads\/2018\/06\/Cadre-apres-poncage.jpg\"><img loading=\"lazy\" class=\"aligncenter size-full wp-image-4419\" src=\"http:\/\/latelierdemat.com\/wp-content\/uploads\/2018\/06\/Cadre-apres-poncage.jpg\" alt=\"\" width=\"680\" height=\"510\" srcset=\"https:\/\/latelierdemat.com\/wp-content\/uploads\/2018\/06\/Cadre-apres-poncage.jpg 680w, https:\/\/latelierdemat.com\/wp-content\/uploads\/2018\/06\/Cadre-apres-poncage-400x300.jpg 400w, https:\/\/latelierdemat.com\/wp-content\/uploads\/2018\/06\/Cadre-apres-poncage-200x150.jpg 200w, https:\/\/latelierdemat.com\/wp-content\/uploads\/2018\/06\/Cadre-apres-poncage-560x420.jpg 560w\" sizes=\"(max-width: 680px) 100vw, 680px\" \/><\/a><\/p>\n<p>Mais avant cela, une derni\u00e8re \u00e9tape. Il manquait quelque-chose \u00e0 ce cadre, il \u00e9tait trop &#8230;.plat. Il me restait un bout de la planche d&rsquo;origine alors pour donner un peu de relief, l&rsquo;ajout d&rsquo;une tablette m&rsquo;est apparu comme une \u00e9vidence. J&rsquo;ai effectu\u00e9 une premi\u00e8re mise en place pour avoir un aper\u00e7u du rendu.<\/p>\n<p><a href=\"http:\/\/latelierdemat.com\/wp-content\/uploads\/2018\/06\/Construction-tablette-miroir.jpg\"><img loading=\"lazy\" class=\"aligncenter size-full wp-image-4420\" src=\"http:\/\/latelierdemat.com\/wp-content\/uploads\/2018\/06\/Construction-tablette-miroir.jpg\" alt=\"\" width=\"680\" height=\"510\" srcset=\"https:\/\/latelierdemat.com\/wp-content\/uploads\/2018\/06\/Construction-tablette-miroir.jpg 680w, https:\/\/latelierdemat.com\/wp-content\/uploads\/2018\/06\/Construction-tablette-miroir-400x300.jpg 400w, https:\/\/latelierdemat.com\/wp-content\/uploads\/2018\/06\/Construction-tablette-miroir-200x150.jpg 200w, https:\/\/latelierdemat.com\/wp-content\/uploads\/2018\/06\/Construction-tablette-miroir-560x420.jpg 560w\" sizes=\"(max-width: 680px) 100vw, 680px\" \/><\/a><\/p>\n<p>Les \u00e9querres paraissaient trop \u00ab\u00a0carr\u00e9es\u00a0\u00bb et une am\u00e9lioration s&rsquo;imposait. Comme je conserve tous les gabarits que je cr\u00e9e, j&rsquo;ai fouill\u00e9 dans mon stock et la solution a vite \u00e9t\u00e9 trouv\u00e9e. J&rsquo;avais fait ce gabarit lors du projet de <a href=\"http:\/\/latelierdemat.com\/?p=1624\" target=\"_blank\" rel=\"noopener\">transformation d&rsquo;une fen\u00eatre en tableau noir<\/a>. J&rsquo;ai juste utilis\u00e9 la partie sup\u00e9rieure pour dessiner les contours des futures \u00e9querres. Un petit coup de scie sauteuse et le tour \u00e9tait jou\u00e9.<\/p>\n<p><a href=\"http:\/\/latelierdemat.com\/wp-content\/uploads\/2018\/06\/Gabarit-equerre.jpg\"><img loading=\"lazy\" class=\"aligncenter size-full wp-image-4421\" src=\"http:\/\/latelierdemat.com\/wp-content\/uploads\/2018\/06\/Gabarit-equerre.jpg\" alt=\"\" width=\"680\" height=\"510\" srcset=\"https:\/\/latelierdemat.com\/wp-content\/uploads\/2018\/06\/Gabarit-equerre.jpg 680w, https:\/\/latelierdemat.com\/wp-content\/uploads\/2018\/06\/Gabarit-equerre-400x300.jpg 400w, https:\/\/latelierdemat.com\/wp-content\/uploads\/2018\/06\/Gabarit-equerre-200x150.jpg 200w, https:\/\/latelierdemat.com\/wp-content\/uploads\/2018\/06\/Gabarit-equerre-560x420.jpg 560w\" sizes=\"(max-width: 680px) 100vw, 680px\" \/><\/a><\/p>\n<p>J&rsquo;ai fix\u00e9 les deux \u00e9querres et la tablette avec des vis que j&rsquo;ai plac\u00e9es au dos du cadre. Pour harmoniser toutes les coupes \u00ab\u00a0fra\u00eeches\u00a0\u00bb laissant appara\u00eetre un bois plus clair que le reste, j&rsquo;ai peint l\u2019int\u00e9gralit\u00e9 du cadre \u00e0 la bombe noire. Je n&rsquo;ai pas cherch\u00e9 \u00e0 avoir une couleur uniforme mais au contraire \u00e0 obtenir des zones plus ou moins fonc\u00e9es.<\/p>\n<p><a href=\"http:\/\/latelierdemat.com\/wp-content\/uploads\/2018\/06\/Preparation-patine-cadre.jpg\"><img loading=\"lazy\" class=\"aligncenter size-full wp-image-4422\" src=\"http:\/\/latelierdemat.com\/wp-content\/uploads\/2018\/06\/Preparation-patine-cadre.jpg\" alt=\"\" width=\"680\" height=\"907\" srcset=\"https:\/\/latelierdemat.com\/wp-content\/uploads\/2018\/06\/Preparation-patine-cadre.jpg 680w, https:\/\/latelierdemat.com\/wp-content\/uploads\/2018\/06\/Preparation-patine-cadre-400x534.jpg 400w, https:\/\/latelierdemat.com\/wp-content\/uploads\/2018\/06\/Preparation-patine-cadre-150x200.jpg 150w, https:\/\/latelierdemat.com\/wp-content\/uploads\/2018\/06\/Preparation-patine-cadre-560x747.jpg 560w\" sizes=\"(max-width: 680px) 100vw, 680px\" \/><\/a><\/p>\n<p>La peinture s\u00e8che, j&rsquo;ai utilis\u00e9 un papier \u00e0 poncer de grain 120. Bizarre non de poncer quelque chose qu&rsquo;on vient de peindre \ud83d\ude09 ? En fait la vraie finition sera une finition cir\u00e9e. Le noir qui restera sur le cadre donnera du relief \u00e0 l&rsquo;ensemble et formera une belle patine.<script type=\"text\/javascript\" src=\"https:\/\/app.mailerlite.com\/data\/webforms\/271653\/b7n7j5.js?v24\"><\/script><br \/>\nDu moins c&rsquo;est ce que j\u2019esp\u00e9rais \u00e0 ce moment l\u00e0. Tant que l&rsquo;objet n&rsquo;est pas fini c&rsquo;est assez dur de se rendre compte si le fini qu&rsquo;on imagine sera une r\u00e9ussite ou un d\u00e9sastre.<\/p>\n<p><a href=\"http:\/\/latelierdemat.com\/wp-content\/uploads\/2018\/06\/Cadre-apres-poncage-pour-patine.jpg\"><img loading=\"lazy\" class=\"aligncenter size-full wp-image-4435\" src=\"http:\/\/latelierdemat.com\/wp-content\/uploads\/2018\/06\/Cadre-apres-poncage-pour-patine.jpg\" alt=\"\" width=\"680\" height=\"510\" srcset=\"https:\/\/latelierdemat.com\/wp-content\/uploads\/2018\/06\/Cadre-apres-poncage-pour-patine.jpg 680w, https:\/\/latelierdemat.com\/wp-content\/uploads\/2018\/06\/Cadre-apres-poncage-pour-patine-400x300.jpg 400w, https:\/\/latelierdemat.com\/wp-content\/uploads\/2018\/06\/Cadre-apres-poncage-pour-patine-200x150.jpg 200w, https:\/\/latelierdemat.com\/wp-content\/uploads\/2018\/06\/Cadre-apres-poncage-pour-patine-560x420.jpg 560w\" sizes=\"(max-width: 680px) 100vw, 680px\" \/><\/a><\/p>\n<p>La cire appliqu\u00e9e et lustr\u00e9e, je n\u2019avais plus qu&rsquo;\u00e0 faire des photos pour vous montrer le r\u00e9sultat. Et comme c&rsquo;est toujours toute une histoire de prendre un miroir en photo et d&rsquo;\u00e9viter tout reflet disgracieux ;), je me suis dit que m&rsquo;installer en ext\u00e9rieur et plus pr\u00e9cis\u00e9ment sur le puits qui se trouve dans mon jardin serait une bonne id\u00e9e.<\/p>\n<p><a href=\"http:\/\/latelierdemat.com\/wp-content\/uploads\/2018\/06\/Miroir-relook\u00e9-avec-une-seule-planche.jpg\"><img loading=\"lazy\" class=\"aligncenter size-full wp-image-4452\" src=\"http:\/\/latelierdemat.com\/wp-content\/uploads\/2018\/06\/Miroir-relook\u00e9-avec-une-seule-planche.jpg\" alt=\"\" width=\"680\" height=\"907\" srcset=\"https:\/\/latelierdemat.com\/wp-content\/uploads\/2018\/06\/Miroir-relook\u00e9-avec-une-seule-planche.jpg 680w, https:\/\/latelierdemat.com\/wp-content\/uploads\/2018\/06\/Miroir-relook\u00e9-avec-une-seule-planche-400x534.jpg 400w, https:\/\/latelierdemat.com\/wp-content\/uploads\/2018\/06\/Miroir-relook\u00e9-avec-une-seule-planche-150x200.jpg 150w, https:\/\/latelierdemat.com\/wp-content\/uploads\/2018\/06\/Miroir-relook\u00e9-avec-une-seule-planche-560x747.jpg 560w\" sizes=\"(max-width: 680px) 100vw, 680px\" \/><\/a><\/p>\n<p>La r\u00e9paration apport\u00e9e pour boucher le trou am\u00e8ne je trouve une petite touche plut\u00f4t sympa. \u00c7a rajoute un petit d\u00e9tail au cadre qui accroche l\u2019\u0153il ;).<\/p>\n<p><a href=\"http:\/\/latelierdemat.com\/wp-content\/uploads\/2018\/06\/Reparation-cadre-farmhouse.jpg\"><img loading=\"lazy\" class=\"aligncenter size-full wp-image-4436\" src=\"http:\/\/latelierdemat.com\/wp-content\/uploads\/2018\/06\/Reparation-cadre-farmhouse.jpg\" alt=\"\" width=\"680\" height=\"510\" srcset=\"https:\/\/latelierdemat.com\/wp-content\/uploads\/2018\/06\/Reparation-cadre-farmhouse.jpg 680w, https:\/\/latelierdemat.com\/wp-content\/uploads\/2018\/06\/Reparation-cadre-farmhouse-400x300.jpg 400w, https:\/\/latelierdemat.com\/wp-content\/uploads\/2018\/06\/Reparation-cadre-farmhouse-200x150.jpg 200w, https:\/\/latelierdemat.com\/wp-content\/uploads\/2018\/06\/Reparation-cadre-farmhouse-560x420.jpg 560w\" sizes=\"(max-width: 680px) 100vw, 680px\" \/><\/a><\/p>\n<p>Outre la modification des \u00e9querres pour leur donner un peu plus de style, j&rsquo;ai aussi modifi\u00e9 l\u00e9g\u00e8rement la tablette. Je l&rsquo;ai raccourcie de quelques centim\u00e8tres et j&rsquo;ai effectu\u00e9 une coupe dans les angles. Je trouve qu&rsquo;elle est beaucoup mieux comme \u00e7a. Pas vous?<\/p>\n<p><a href=\"http:\/\/latelierdemat.com\/wp-content\/uploads\/2018\/06\/Detail-tablette-cadre-farmhouse.jpg\"><img loading=\"lazy\" class=\"aligncenter size-full wp-image-4437\" src=\"http:\/\/latelierdemat.com\/wp-content\/uploads\/2018\/06\/Detail-tablette-cadre-farmhouse.jpg\" alt=\"\" width=\"680\" height=\"510\" srcset=\"https:\/\/latelierdemat.com\/wp-content\/uploads\/2018\/06\/Detail-tablette-cadre-farmhouse.jpg 680w, https:\/\/latelierdemat.com\/wp-content\/uploads\/2018\/06\/Detail-tablette-cadre-farmhouse-400x300.jpg 400w, https:\/\/latelierdemat.com\/wp-content\/uploads\/2018\/06\/Detail-tablette-cadre-farmhouse-200x150.jpg 200w, https:\/\/latelierdemat.com\/wp-content\/uploads\/2018\/06\/Detail-tablette-cadre-farmhouse-560x420.jpg 560w\" sizes=\"(max-width: 680px) 100vw, 680px\" \/><\/a><\/p>\n<p>J&rsquo;avais ces 4 petits crochets restants d&rsquo;un <a href=\"http:\/\/latelierdemat.com\/?p=3340\" target=\"_blank\" rel=\"nofollow noopener\">r\u00e9cent projet<\/a>, et coup de chance c&rsquo;est juste ce qu&rsquo;il fallait ici pour donner une petite fonctionnalit\u00e9 suppl\u00e9mentaire \u00e0 ce miroir.<a href=\"http:\/\/latelierdemat.com\/wp-content\/uploads\/2018\/06\/Crochet-sur-cadre-farmhouse.jpg\"><img loading=\"lazy\" class=\"aligncenter size-full wp-image-4438\" src=\"http:\/\/latelierdemat.com\/wp-content\/uploads\/2018\/06\/Crochet-sur-cadre-farmhouse.jpg\" alt=\"\" width=\"680\" height=\"510\" srcset=\"https:\/\/latelierdemat.com\/wp-content\/uploads\/2018\/06\/Crochet-sur-cadre-farmhouse.jpg 680w, https:\/\/latelierdemat.com\/wp-content\/uploads\/2018\/06\/Crochet-sur-cadre-farmhouse-400x300.jpg 400w, https:\/\/latelierdemat.com\/wp-content\/uploads\/2018\/06\/Crochet-sur-cadre-farmhouse-200x150.jpg 200w, https:\/\/latelierdemat.com\/wp-content\/uploads\/2018\/06\/Crochet-sur-cadre-farmhouse-560x420.jpg 560w\" sizes=\"(max-width: 680px) 100vw, 680px\" \/><\/a><\/p>\n<p>C&rsquo;est pour tous ces petits d\u00e9fauts et ces petits d\u00e9tails qui la constituent, que j&rsquo;avais conserv\u00e9 cette planche. Elle a une histoire, un caract\u00e8re et cela aurait \u00e9t\u00e9 vraiment dommage selon moi de ne rien en faire de sympa.<\/p>\n<p><a href=\"http:\/\/latelierdemat.com\/wp-content\/uploads\/2018\/06\/Bois-patin\u00e9-cadre-farmhouse.jpg\"><img loading=\"lazy\" class=\"aligncenter size-full wp-image-4439\" src=\"http:\/\/latelierdemat.com\/wp-content\/uploads\/2018\/06\/Bois-patin\u00e9-cadre-farmhouse.jpg\" alt=\"\" width=\"680\" height=\"510\" srcset=\"https:\/\/latelierdemat.com\/wp-content\/uploads\/2018\/06\/Bois-patin\u00e9-cadre-farmhouse.jpg 680w, https:\/\/latelierdemat.com\/wp-content\/uploads\/2018\/06\/Bois-patin\u00e9-cadre-farmhouse-400x300.jpg 400w, https:\/\/latelierdemat.com\/wp-content\/uploads\/2018\/06\/Bois-patin\u00e9-cadre-farmhouse-200x150.jpg 200w, https:\/\/latelierdemat.com\/wp-content\/uploads\/2018\/06\/Bois-patin\u00e9-cadre-farmhouse-560x420.jpg 560w\" sizes=\"(max-width: 680px) 100vw, 680px\" \/><\/a><\/p>\n<p>La petite astuce de peindre en noir le cadre pour le patiner a plut\u00f4t bien march\u00e9. Il est assez difficile de voir une diff\u00e9rence de couleur entre les parties coup\u00e9es lors de la r\u00e9alisation du cadre et les parties plus anciennes. Qu&rsquo;en pensez vous?<\/p>\n<p><a href=\"http:\/\/latelierdemat.com\/wp-content\/uploads\/2018\/06\/Profil-miroir-farmhouse.jpg\"><img loading=\"lazy\" class=\"aligncenter size-full wp-image-4440\" src=\"http:\/\/latelierdemat.com\/wp-content\/uploads\/2018\/06\/Profil-miroir-farmhouse.jpg\" alt=\"\" width=\"680\" height=\"907\" srcset=\"https:\/\/latelierdemat.com\/wp-content\/uploads\/2018\/06\/Profil-miroir-farmhouse.jpg 680w, https:\/\/latelierdemat.com\/wp-content\/uploads\/2018\/06\/Profil-miroir-farmhouse-400x534.jpg 400w, https:\/\/latelierdemat.com\/wp-content\/uploads\/2018\/06\/Profil-miroir-farmhouse-150x200.jpg 150w, https:\/\/latelierdemat.com\/wp-content\/uploads\/2018\/06\/Profil-miroir-farmhouse-560x747.jpg 560w\" sizes=\"(max-width: 680px) 100vw, 680px\" \/><\/a><\/p>\n<p><a href=\"http:\/\/latelierdemat.com\/wp-content\/uploads\/2018\/06\/Transformation-miroir-et-cadre-farmhouse.jpg\"><img loading=\"lazy\" class=\"aligncenter size-full wp-image-4453\" src=\"http:\/\/latelierdemat.com\/wp-content\/uploads\/2018\/06\/Transformation-miroir-et-cadre-farmhouse.jpg\" alt=\"\" width=\"680\" height=\"907\" srcset=\"https:\/\/latelierdemat.com\/wp-content\/uploads\/2018\/06\/Transformation-miroir-et-cadre-farmhouse.jpg 680w, https:\/\/latelierdemat.com\/wp-content\/uploads\/2018\/06\/Transformation-miroir-et-cadre-farmhouse-400x534.jpg 400w, https:\/\/latelierdemat.com\/wp-content\/uploads\/2018\/06\/Transformation-miroir-et-cadre-farmhouse-150x200.jpg 150w, https:\/\/latelierdemat.com\/wp-content\/uploads\/2018\/06\/Transformation-miroir-et-cadre-farmhouse-560x747.jpg 560w\" sizes=\"(max-width: 680px) 100vw, 680px\" \/><\/a><\/p>\n<p>Le principal point de difficult\u00e9 dans ce projet a \u00e9t\u00e9 de ne pas casser le miroir ;). En principe on utilise un bois bien droit et correctement d\u00e9gauchi pour r\u00e9aliser un cadre. Ici c\u2019\u00e9tait impossible du fait des d\u00e9fauts de la planche utilis\u00e9e. J&rsquo;ai donc du faire attention et apporter des petites retouches (un peu de pon\u00e7age par-ci par- l\u00e0) \u00e0 l\u2019int\u00e9rieur du cadre pour m&rsquo;assurer que le miroir repose bien \u00e0 plat et ne casse pas lorsque je poserais le fond.\u00a0 Quand on risque de r\u00e9colter 7 ans de malheur, on fait toujours un peu plus attention ;).<\/p>\n<p>La bise<\/p>\n<p>Mat<\/p>\n<p><a href=\"http:\/\/latelierdemat.com\/wp-content\/uploads\/2018\/06\/Customiser-en-miroir-tout-banal-dans-le-style-farmhouse.png\"><img loading=\"lazy\" class=\"aligncenter wp-image-4457\" src=\"http:\/\/latelierdemat.com\/wp-content\/uploads\/2018\/06\/Customiser-en-miroir-tout-banal-dans-le-style-farmhouse.png\" alt=\"\" width=\"680\" height=\"1115\" srcset=\"https:\/\/latelierdemat.com\/wp-content\/uploads\/2018\/06\/Customiser-en-miroir-tout-banal-dans-le-style-farmhouse.png 732w, https:\/\/latelierdemat.com\/wp-content\/uploads\/2018\/06\/Customiser-en-miroir-tout-banal-dans-le-style-farmhouse-400x656.png 400w, https:\/\/latelierdemat.com\/wp-content\/uploads\/2018\/06\/Customiser-en-miroir-tout-banal-dans-le-style-farmhouse-122x200.png 122w, https:\/\/latelierdemat.com\/wp-content\/uploads\/2018\/06\/Customiser-en-miroir-tout-banal-dans-le-style-farmhouse-625x1024.png 625w, https:\/\/latelierdemat.com\/wp-content\/uploads\/2018\/06\/Customiser-en-miroir-tout-banal-dans-le-style-farmhouse-560x918.png 560w\" sizes=\"(max-width: 680px) 100vw, 680px\" \/><\/a><\/p>\n","protected":false},"excerpt":{"rendered":"<p>Hello les amis. Si vous me suivez depuis quelques temps maintenant, vous savez peut-\u00eatre qu\u2019apr\u00e8s la r\u00e9alisation d&rsquo;un gros projet, j&rsquo;aime bien encha\u00eener avec un projet plus petit histoire de me d\u00e9tendre ;). Ce petit miroir que j&rsquo;avais r\u00e9cup\u00e9r\u00e9 il y a plusieurs mois \u00e0 la poubelle (article ici) m&rsquo;est donc apparu comme un bon <a class=\"moretag\" href=\"https:\/\/latelierdemat.com\/?p=4404\"> Lire la suite&#8230;<\/a><\/p>\n","protected":false},"author":3,"featured_media":4456,"comment_status":"open","ping_status":"open","sticky":false,"template":"","format":"standard","meta":{"_mi_skip_tracking":false,"_monsterinsights_sitenote_active":false,"_monsterinsights_sitenote_note":"","_monsterinsights_sitenote_category":0,"spay_email":""},"categories":[16,19],"tags":[],"yoast_head":"<!-- This site is optimized with the Yoast SEO plugin v18.3 - https:\/\/yoast.com\/wordpress\/plugins\/seo\/ -->\n<title>Relooker un miroir avec une seule planche - L&#039;atelier de Mat<\/title>\n<meta name=\"description\" content=\"Donner un nouveau look \u00e0 un miroir tout banal c&#039;est simple: il vous suffit d&#039;une planche sympa avec un peu de cachet, de quelques vis et le tour est jou\u00e9.\" \/>\n<meta name=\"robots\" content=\"index, follow, max-snippet:-1, max-image-preview:large, max-video-preview:-1\" \/>\n<link rel=\"canonical\" href=\"https:\/\/latelierdemat.com\/?p=4404\" \/>\n<meta property=\"og:locale\" content=\"fr_FR\" \/>\n<meta property=\"og:type\" content=\"article\" \/>\n<meta property=\"og:title\" content=\"Relooker un miroir avec une seule planche - L&#039;atelier de Mat\" \/>\n<meta property=\"og:description\" content=\"Donner un nouveau look \u00e0 un miroir tout banal c&#039;est simple: il vous suffit d&#039;une planche sympa avec un peu de cachet, de quelques vis et le tour est jou\u00e9.\" \/>\n<meta property=\"og:url\" content=\"https:\/\/latelierdemat.com\/?p=4404\" \/>\n<meta property=\"og:site_name\" content=\"L&#039;atelier de Mat\" \/>\n<meta property=\"article:publisher\" content=\"http:\/\/facebook.com\/latelierdemat\" \/>\n<meta property=\"article:published_time\" content=\"2018-06-29T13:05:40+00:00\" \/>\n<meta property=\"og:image\" content=\"https:\/\/latelierdemat.com\/wp-content\/uploads\/2018\/06\/Miroir-relook\u00e9-avec-un-cadre-farmhouse.png\" \/>\n\t<meta property=\"og:image:width\" content=\"400\" \/>\n\t<meta property=\"og:image:height\" content=\"400\" \/>\n\t<meta property=\"og:image:type\" content=\"image\/png\" \/>\n<meta name=\"twitter:card\" content=\"summary\" \/>\n<meta name=\"twitter:creator\" content=\"@latelierdemat\" \/>\n<meta name=\"twitter:site\" content=\"@latelierdemat\" \/>\n<meta name=\"twitter:label1\" content=\"\u00c9crit par\" \/>\n\t<meta name=\"twitter:data1\" content=\"Mat\" \/>\n\t<meta name=\"twitter:label2\" content=\"Dur\u00e9e de lecture estim\u00e9e\" \/>\n\t<meta name=\"twitter:data2\" content=\"9 minutes\" \/>\n<script type=\"application\/ld+json\" class=\"yoast-schema-graph\">{\"@context\":\"https:\/\/schema.org\",\"@graph\":[{\"@type\":\"WebSite\",\"@id\":\"https:\/\/latelierdemat.com\/#website\",\"url\":\"https:\/\/latelierdemat.com\/\",\"name\":\"L&#039;atelier de Mat\",\"description\":\"#r\u00e9cup\u00e9rer #restaurer #r\u00e9inventer\",\"potentialAction\":[{\"@type\":\"SearchAction\",\"target\":{\"@type\":\"EntryPoint\",\"urlTemplate\":\"https:\/\/latelierdemat.com\/?s={search_term_string}\"},\"query-input\":\"required name=search_term_string\"}],\"inLanguage\":\"fr-FR\"},{\"@type\":\"ImageObject\",\"@id\":\"https:\/\/latelierdemat.com\/?p=4404#primaryimage\",\"inLanguage\":\"fr-FR\",\"url\":\"https:\/\/latelierdemat.com\/wp-content\/uploads\/2018\/06\/Miroir-relook\u00e9-avec-un-cadre-farmhouse.png\",\"contentUrl\":\"https:\/\/latelierdemat.com\/wp-content\/uploads\/2018\/06\/Miroir-relook\u00e9-avec-un-cadre-farmhouse.png\",\"width\":400,\"height\":400},{\"@type\":\"WebPage\",\"@id\":\"https:\/\/latelierdemat.com\/?p=4404#webpage\",\"url\":\"https:\/\/latelierdemat.com\/?p=4404\",\"name\":\"Relooker un miroir avec une seule planche - L&#039;atelier de Mat\",\"isPartOf\":{\"@id\":\"https:\/\/latelierdemat.com\/#website\"},\"primaryImageOfPage\":{\"@id\":\"https:\/\/latelierdemat.com\/?p=4404#primaryimage\"},\"datePublished\":\"2018-06-29T13:05:40+00:00\",\"dateModified\":\"2018-06-29T13:05:40+00:00\",\"author\":{\"@id\":\"https:\/\/latelierdemat.com\/#\/schema\/person\/8a5ae2a2c36adb8a62a1ad784fbcaf98\"},\"description\":\"Donner un nouveau look \u00e0 un miroir tout banal c'est simple: il vous suffit d'une planche sympa avec un peu de cachet, de quelques vis et le tour est jou\u00e9.\",\"breadcrumb\":{\"@id\":\"https:\/\/latelierdemat.com\/?p=4404#breadcrumb\"},\"inLanguage\":\"fr-FR\",\"potentialAction\":[{\"@type\":\"ReadAction\",\"target\":[\"https:\/\/latelierdemat.com\/?p=4404\"]}]},{\"@type\":\"BreadcrumbList\",\"@id\":\"https:\/\/latelierdemat.com\/?p=4404#breadcrumb\",\"itemListElement\":[{\"@type\":\"ListItem\",\"position\":1,\"name\":\"Accueil\",\"item\":\"https:\/\/latelierdemat.com\/\"},{\"@type\":\"ListItem\",\"position\":2,\"name\":\"Relooker un miroir avec une seule planche\"}]},{\"@type\":\"Person\",\"@id\":\"https:\/\/latelierdemat.com\/#\/schema\/person\/8a5ae2a2c36adb8a62a1ad784fbcaf98\",\"name\":\"Mat\",\"image\":{\"@type\":\"ImageObject\",\"@id\":\"https:\/\/latelierdemat.com\/#personlogo\",\"inLanguage\":\"fr-FR\",\"url\":\"https:\/\/secure.gravatar.com\/avatar\/514074b8b21591ae84355f7c1eddab3c?s=96&d=mm&r=g\",\"contentUrl\":\"https:\/\/secure.gravatar.com\/avatar\/514074b8b21591ae84355f7c1eddab3c?s=96&d=mm&r=g\",\"caption\":\"Mat\"}}]}<\/script>\n<!-- \/ Yoast SEO plugin. -->","yoast_head_json":{"title":"Relooker un miroir avec une seule planche - L&#039;atelier de Mat","description":"Donner un nouveau look \u00e0 un miroir tout banal c'est simple: il vous suffit d'une planche sympa avec un peu de cachet, de quelques vis et le tour est jou\u00e9.","robots":{"index":"index","follow":"follow","max-snippet":"max-snippet:-1","max-image-preview":"max-image-preview:large","max-video-preview":"max-video-preview:-1"},"canonical":"https:\/\/latelierdemat.com\/?p=4404","og_locale":"fr_FR","og_type":"article","og_title":"Relooker un miroir avec une seule planche - L&#039;atelier de Mat","og_description":"Donner un nouveau look \u00e0 un miroir tout banal c'est simple: il vous suffit d'une planche sympa avec un peu de cachet, de quelques vis et le tour est jou\u00e9.","og_url":"https:\/\/latelierdemat.com\/?p=4404","og_site_name":"L&#039;atelier de Mat","article_publisher":"http:\/\/facebook.com\/latelierdemat","article_published_time":"2018-06-29T13:05:40+00:00","og_image":[{"width":400,"height":400,"url":"https:\/\/latelierdemat.com\/wp-content\/uploads\/2018\/06\/Miroir-relook\u00e9-avec-un-cadre-farmhouse.png","type":"image\/png"}],"twitter_card":"summary","twitter_creator":"@latelierdemat","twitter_site":"@latelierdemat","twitter_misc":{"\u00c9crit par":"Mat","Dur\u00e9e de lecture estim\u00e9e":"9 minutes"},"schema":{"@context":"https:\/\/schema.org","@graph":[{"@type":"WebSite","@id":"https:\/\/latelierdemat.com\/#website","url":"https:\/\/latelierdemat.com\/","name":"L&#039;atelier de Mat","description":"#r\u00e9cup\u00e9rer #restaurer #r\u00e9inventer","potentialAction":[{"@type":"SearchAction","target":{"@type":"EntryPoint","urlTemplate":"https:\/\/latelierdemat.com\/?s={search_term_string}"},"query-input":"required name=search_term_string"}],"inLanguage":"fr-FR"},{"@type":"ImageObject","@id":"https:\/\/latelierdemat.com\/?p=4404#primaryimage","inLanguage":"fr-FR","url":"https:\/\/latelierdemat.com\/wp-content\/uploads\/2018\/06\/Miroir-relook\u00e9-avec-un-cadre-farmhouse.png","contentUrl":"https:\/\/latelierdemat.com\/wp-content\/uploads\/2018\/06\/Miroir-relook\u00e9-avec-un-cadre-farmhouse.png","width":400,"height":400},{"@type":"WebPage","@id":"https:\/\/latelierdemat.com\/?p=4404#webpage","url":"https:\/\/latelierdemat.com\/?p=4404","name":"Relooker un miroir avec une seule planche - L&#039;atelier de Mat","isPartOf":{"@id":"https:\/\/latelierdemat.com\/#website"},"primaryImageOfPage":{"@id":"https:\/\/latelierdemat.com\/?p=4404#primaryimage"},"datePublished":"2018-06-29T13:05:40+00:00","dateModified":"2018-06-29T13:05:40+00:00","author":{"@id":"https:\/\/latelierdemat.com\/#\/schema\/person\/8a5ae2a2c36adb8a62a1ad784fbcaf98"},"description":"Donner un nouveau look \u00e0 un miroir tout banal c'est simple: il vous suffit d'une planche sympa avec un peu de cachet, de quelques vis et le tour est jou\u00e9.","breadcrumb":{"@id":"https:\/\/latelierdemat.com\/?p=4404#breadcrumb"},"inLanguage":"fr-FR","potentialAction":[{"@type":"ReadAction","target":["https:\/\/latelierdemat.com\/?p=4404"]}]},{"@type":"BreadcrumbList","@id":"https:\/\/latelierdemat.com\/?p=4404#breadcrumb","itemListElement":[{"@type":"ListItem","position":1,"name":"Accueil","item":"https:\/\/latelierdemat.com\/"},{"@type":"ListItem","position":2,"name":"Relooker un miroir avec une seule planche"}]},{"@type":"Person","@id":"https:\/\/latelierdemat.com\/#\/schema\/person\/8a5ae2a2c36adb8a62a1ad784fbcaf98","name":"Mat","image":{"@type":"ImageObject","@id":"https:\/\/latelierdemat.com\/#personlogo","inLanguage":"fr-FR","url":"https:\/\/secure.gravatar.com\/avatar\/514074b8b21591ae84355f7c1eddab3c?s=96&d=mm&r=g","contentUrl":"https:\/\/secure.gravatar.com\/avatar\/514074b8b21591ae84355f7c1eddab3c?s=96&d=mm&r=g","caption":"Mat"}}]}},"jetpack_featured_media_url":"https:\/\/latelierdemat.com\/wp-content\/uploads\/2018\/06\/Miroir-relook\u00e9-avec-un-cadre-farmhouse.png","jetpack-related-posts":[{"id":1515,"url":"https:\/\/latelierdemat.com\/?p=1515","url_meta":{"origin":4404,"position":0},"title":"Miroir et palette","date":"2 octobre 2016","format":false,"excerpt":"Dimanche dernier il faisait un temps pourri par chez moi et du coup je n'avais pas une grosse motivation pour faire quelque chose. Avouez, \u00e7a vous arrive aussi non? Mais bon, je me suis d\u00e9cid\u00e9 au bout d'un moment et quand j'ai rejoins l'atelier, il \u00e9tait d\u00e9j\u00e0 16 heures. Autrement\u2026","rel":"","context":"Dans &quot;Cr\u00e9ations&quot;","img":{"alt_text":"","src":"https:\/\/i1.wp.com\/latelierdemat.com\/wp-content\/uploads\/2016\/10\/MPA-14.jpg?resize=350%2C200&ssl=1","width":350,"height":200},"classes":[]},{"id":6380,"url":"https:\/\/latelierdemat.com\/?p=6380","url_meta":{"origin":4404,"position":1},"title":"Customiser un miroir tout simple","date":"14 novembre 2020","format":false,"excerpt":"Le truc cool quand les gens de votre entourage savent que vous aimez relooker les meubles, c'est que bien souvent ils viennent vers vous pour vous proposer des trucs. Et perso je trouve \u00e7a bien sympa que les meubles viennent \u00e0 moi comme cela. Ce miroir basique, et pas tr\u00e8s\u2026","rel":"","context":"Dans &quot;Cr\u00e9ations&quot;","img":{"alt_text":"","src":"https:\/\/i1.wp.com\/latelierdemat.com\/wp-content\/uploads\/2020\/11\/Miroir-simple-customis\u00e9.png?resize=350%2C200&ssl=1","width":350,"height":200},"classes":[]},{"id":5006,"url":"https:\/\/latelierdemat.com\/?p=5006","url_meta":{"origin":4404,"position":2},"title":"De cadre de miroir \u00e0 tableau noir","date":"30 novembre 2018","format":false,"excerpt":"Un midi en rentrant de ma pause d\u00e9jeuner, j'ai aper\u00e7u du coin de l\u2019\u0153il ce qui semblait \u00eatre un morceau de bois entre deux poubelles. Ni une ni deux, j'ai fait demi-tour pour aller voir plus pr\u00e9cis\u00e9ment ce que c\u2019\u00e9tait. Et si vous \"chassez\" aussi les r\u00e9cups en bord de\u2026","rel":"","context":"Dans &quot;Cadre&quot;","img":{"alt_text":"","src":"https:\/\/i0.wp.com\/latelierdemat.com\/wp-content\/uploads\/2018\/11\/Customiser-un-vieux-cadre-de-miroir-en-tableau-noir-pour-Noel.jpg?resize=350%2C200&ssl=1","width":350,"height":200},"classes":[]},{"id":1744,"url":"https:\/\/latelierdemat.com\/?p=1744","url_meta":{"origin":4404,"position":3},"title":"Rajeunir un miroir","date":"28 novembre 2016","format":false,"excerpt":"Cet \u00e9t\u00e9 j'ai fait pas mal de vide-greniers et j'ai trouv\u00e9 quelques trucs de sympa. J'ai notamment achet\u00e9 un miroir. Je me rappelle de ce dimanche matin l\u00e0, il faisait beau, les oiseaux chantaient, j'\u00e9tais avec un pote bref une matin\u00e9e sympa dans le Sud Ouest. Je suis tomb\u00e9 sur\u2026","rel":"","context":"Dans &quot;Restylage&quot;","img":{"alt_text":"Ancien miroir relook\u00e9 - Makeover of an old mirror","src":"https:\/\/i0.wp.com\/latelierdemat.com\/wp-content\/uploads\/2016\/11\/MID-10.jpg?resize=350%2C200&ssl=1","width":350,"height":200},"classes":[]},{"id":4898,"url":"https:\/\/latelierdemat.com\/?p=4898","url_meta":{"origin":4404,"position":4},"title":"Un cadre \u00e0 bijoux r\u00e9alis\u00e9 \u00e0 partir d&rsquo;une boite \u00e0 cl\u00e9s.","date":"2 novembre 2018","format":false,"excerpt":"Hello les amis. Connaissez vous Facebook Market? Si oui, je ne vous apprends rien mais pour ceux qui ne connaissent pas encore, attention on peut vite devenir accro ;). C'est tellement facile \u00e0 utiliser que j'en ai un peu abus\u00e9 derni\u00e8rement, et c'est bien assis au chaud dans mon canap\u00e9\u2026","rel":"","context":"Dans &quot;Cadre&quot;","img":{"alt_text":"","src":"https:\/\/i0.wp.com\/latelierdemat.com\/wp-content\/uploads\/2018\/11\/Cadre-a-bijoux-relooke.png?resize=350%2C200&ssl=1","width":350,"height":200},"classes":[]},{"id":1606,"url":"https:\/\/latelierdemat.com\/?p=1606","url_meta":{"origin":4404,"position":5},"title":"Un panneau vintage","date":"24 octobre 2016","format":false,"excerpt":"Si vous suivez l'Atelier de Mat sur Pinterest\u00a0vous avez peut \u00eatre remarqu\u00e9 que j'avais un tableau, le tableau Signes, d\u00e9di\u00e9 aux panneaux en bois. Pourquoi me direz vous ? C'est simple, j'adore \u00e7a. Avec une planche de bois et un peu de peinture on peut faire des trucs super sympa.\u2026","rel":"","context":"Dans &quot;Cr\u00e9ations&quot;","img":{"alt_text":"","src":"https:\/\/i2.wp.com\/latelierdemat.com\/wp-content\/uploads\/2016\/10\/PBR-11-1.jpg?resize=350%2C200&ssl=1","width":350,"height":200},"classes":[]}],"jetpack_likes_enabled":true,"_links":{"self":[{"href":"https:\/\/latelierdemat.com\/index.php?rest_route=\/wp\/v2\/posts\/4404"}],"collection":[{"href":"https:\/\/latelierdemat.com\/index.php?rest_route=\/wp\/v2\/posts"}],"about":[{"href":"https:\/\/latelierdemat.com\/index.php?rest_route=\/wp\/v2\/types\/post"}],"author":[{"embeddable":true,"href":"https:\/\/latelierdemat.com\/index.php?rest_route=\/wp\/v2\/users\/3"}],"replies":[{"embeddable":true,"href":"https:\/\/latelierdemat.com\/index.php?rest_route=%2Fwp%2Fv2%2Fcomments&post=4404"}],"version-history":[{"count":17,"href":"https:\/\/latelierdemat.com\/index.php?rest_route=\/wp\/v2\/posts\/4404\/revisions"}],"predecessor-version":[{"id":4461,"href":"https:\/\/latelierdemat.com\/index.php?rest_route=\/wp\/v2\/posts\/4404\/revisions\/4461"}],"wp:featuredmedia":[{"embeddable":true,"href":"https:\/\/latelierdemat.com\/index.php?rest_route=\/wp\/v2\/media\/4456"}],"wp:attachment":[{"href":"https:\/\/latelierdemat.com\/index.php?rest_route=%2Fwp%2Fv2%2Fmedia&parent=4404"}],"wp:term":[{"taxonomy":"category","embeddable":true,"href":"https:\/\/latelierdemat.com\/index.php?rest_route=%2Fwp%2Fv2%2Fcategories&post=4404"},{"taxonomy":"post_tag","embeddable":true,"href":"https:\/\/latelierdemat.com\/index.php?rest_route=%2Fwp%2Fv2%2Ftags&post=4404"}],"curies":[{"name":"wp","href":"https:\/\/api.w.org\/{rel}","templated":true}]}}